{"id":26881,"date":"2022-06-12T15:28:08","date_gmt":"2022-06-12T13:28:08","guid":{"rendered":"http:\/\/www.psib-psoe.org\/mallorca\/?p=26881"},"modified":"2022-06-12T15:28:08","modified_gmt":"2022-06-12T13:28:08","slug":"els-socialistes-dinca-commemoren-la-festa-de-la-rosa-amb-la-participacio-de-mes-de-500-persones","status":"publish","type":"post","link":"https:\/\/www.psib-psoe.org\/mallorca\/els-socialistes-dinca-commemoren-la-festa-de-la-rosa-amb-la-participacio-de-mes-de-500-persones\/","title":{"rendered":"Els Socialistes d\u2019Inca commemoren la Festa de la Rosa amb la participaci\u00f3 de m\u00e9s de 500 persones"},"content":{"rendered":"<div class=\"wpb-content-wrapper\">[vc_row][vc_column][vc_single_image image=&#8221;26882&#8243; img_size=&#8221;full&#8221; alignment=&#8221;center&#8221;][\/vc_column][\/vc_row][vc_row][vc_column][vc_column_text]<em><u>Catalina Cladera: \u201cLa Festa de la Rosa \u00e9s s\u00edmbol de just\u00edcia social, honestedat, igualtat i feina ben feta\u201d<\/u><\/em>[\/vc_column_text][\/vc_column][\/vc_row][vc_row][vc_column width=&#8221;1\/2&#8243;][vc_column_text]L\u2019Agrupaci\u00f3 Socialista d\u2019Inca ha celebrat aquest diumenge, 12 de juny, una nova edici\u00f3 de la tradicional Festa de la Rosa, on m\u00e9s de 500 persones s\u2019han retrobat en un dia ple d\u2019il\u00b7lusi\u00f3 per seguir desenvolupant un projecte com\u00fa, el de continuar treballant per construir una ciutat amb m\u00e9s i millors oportunitats per a tots els inquers i inqueres. Els Socialistes d\u2019Inca recuperen aquesta data tan important en el seu calendari despr\u00e9s de dos anys sense poder realitzar-la a causa de la pand\u00e8mia de la COVID-19.<\/p>\n<p>L&#8217;acte, que s\u2019ha celebrat a la pla\u00e7a del Blanquer en un ambient festiu i d\u2019uni\u00f3, ha comptat amb la pres\u00e8ncia de la secret\u00e0ria general de la Federaci\u00f3 Socialista de Mallorca, Catalina Cladera, qui s\u2019ha referit a la rosa socialista com a s\u00edmbol de \u201cjust\u00edcia social, igualtat, honestedat i el valor de la feina ben feta. Sense cap dubte s\u00f3n raons que ens omplen d\u2019orgull per seguir endavant amb el projecte socialista a Inca a les pr\u00f2ximes eleccions del 2023.\u201d<\/p>\n<p>Cladera ha afegit que \u201caqu\u00ed a Inca, just fa 7 anys que es va canviar el rumb d\u2019aquesta ciutat. Aix\u00f2 va ser gr\u00e0cies a n\u2019en Virgilio i al seu equip. En Virgilio \u00e9s una persona incansable que molta feina per Inca, estau amb bones mans. Duim 7 anys transformant Inca, Mallorca i Balears. Per\u00f2 no volem quedar aqu\u00ed, volem \u00a0seguir transformant la nostra terra\u201d.[\/vc_column_text][\/vc_column][vc_column width=&#8221;1\/2&#8243;][vc_column_text]Per la seva banda, Virgilio Moreno, secretari general dels Socialistes d\u2019Inca i batle del municipi, ha agra\u00eft a totes les persones, militants i simpatitzants, la seva pres\u00e8ncia a la Festa de la Rosa: \u201ccelebram la nostra festa com a socialistes amb un \u00e8xit rotund de convocat\u00f2ria, reunint a m\u00e9s de 500 persones en un acte de retrobament molt especial. I \u00e9s que a Inca tenim a la millor gent, al millor equip i el millor projecte per seguir construint una ciutat m\u00e9s progressista, integradora, innovadora i oberta a tothom. Un projecte del qual tots els que avui som aqu\u00ed en formam part imprescindible, perqu\u00e8 Inca Som Tots!\u201d<\/p>\n<p>A m\u00e9s, Moreno tamb\u00e9 ha fet refer\u00e8ncia a les eleccions municipals del proper 2023 afirmant que \u201cen menys d\u2019un any tornarem a tenir l\u2019oportunitat de revalidar la feina que duim fent des de fa set anys i els Socialistes d\u2019Inca volem seguir estant al costat de la gent, afrontant nous reptes i fer-ho sense deixar ning\u00fa enrere. Treballam cada dia per fer d\u2019Inca una ciutat m\u00e9s segura i c\u00edvica, amb millors infraestructures, m\u00e9s habitatge social, m\u00e9s reactivaci\u00f3 en el teixit econ\u00f2mic, comercial i social, en definitiva, treballam per millorar la nostra estimada ciutat.\u201d<\/p>\n<p>Finalment, el secretari general dels Socialistes d\u2019Inca ha afegit que \u201cl\u2019any que ve tendrem l\u2019oportunitat d\u2019ampliar encara m\u00e9s aquest llegat i els i les Socialistes d\u2019Inca tenim les ganes i l\u2019experi\u00e8ncia necess\u00e0ria per afrontar noves iniciatives que continu\u00efn donant resposta a les necessitats de tots els inquers i les inqueres.\u201d<\/p>\n[\/vc_column_text][\/vc_column][\/vc_row]\n<\/div>","protected":false},"excerpt":{"rendered":"<p>[vc_row][vc_column][vc_single_image image=&#8221;26882&#8243; img_size=&#8221;full&#8221; alignment=&#8221;center&#8221;][\/vc_column][\/vc_row][vc_row][vc_column][vc_column_text]Catalina Cladera: \u201cLa Festa de la Rosa \u00e9s s\u00edmbol de just\u00edcia social, honestedat, igualtat i feina ben feta\u201d[\/vc_column_text][\/vc_column][\/vc_row][vc_row][vc_column width=&#8221;1\/2&#8243;][vc_column_text]L\u2019Agrupaci\u00f3 Socialista d\u2019Inca ha celebrat aquest diumenge, 12 de juny, una nova edici\u00f3 de la tradicional Festa de la Rosa, on m\u00e9s de 500 persones s\u2019han retrobat en un dia ple d\u2019il\u00b7lusi\u00f3 per seguir&hellip;<\/p>\n","protected":false},"author":6,"featured_media":26882,"comment_status":"open","ping_status":"open","sticky":false,"template":"","format":"standard","meta":{"footnotes":""},"categories":[90,92],"tags":[105,357,246,245,329],"class_list":["post-26881","post","type-post","status-publish","format-standard","has-post-thumbnail","hentry","category-municipis","category-portada","tag-catalina-cladera","tag-festa-de-la-rosa","tag-inca","tag-socialistes-dinca","tag-virgilio-moreno"],"_links":{"self":[{"href":"https:\/\/www.psib-psoe.org\/mallorca\/wp-json\/wp\/v2\/posts\/26881"}],"collection":[{"href":"https:\/\/www.psib-psoe.org\/mallorca\/wp-json\/wp\/v2\/posts"}],"about":[{"href":"https:\/\/www.psib-psoe.org\/mallorca\/wp-json\/wp\/v2\/types\/post"}],"author":[{"embeddable":true,"href":"https:\/\/www.psib-psoe.org\/mallorca\/wp-json\/wp\/v2\/users\/6"}],"replies":[{"embeddable":true,"href":"https:\/\/www.psib-psoe.org\/mallorca\/wp-json\/wp\/v2\/comments?post=26881"}],"version-history":[{"count":0,"href":"https:\/\/www.psib-psoe.org\/mallorca\/wp-json\/wp\/v2\/posts\/26881\/revisions"}],"wp:featuredmedia":[{"embeddable":true,"href":"https:\/\/www.psib-psoe.org\/mallorca\/wp-json\/wp\/v2\/media\/26882"}],"wp:attachment":[{"href":"https:\/\/www.psib-psoe.org\/mallorca\/wp-json\/wp\/v2\/media?parent=26881"}],"wp:term":[{"taxonomy":"category","embeddable":true,"href":"https:\/\/www.psib-psoe.org\/mallorca\/wp-json\/wp\/v2\/categories?post=26881"},{"taxonomy":"post_tag","embeddable":true,"href":"https:\/\/www.psib-psoe.org\/mallorca\/wp-json\/wp\/v2\/tags?post=26881"}],"curies":[{"name":"wp","href":"https:\/\/api.w.org\/{rel}","templated":true}]}}