{"id":26885,"date":"2022-06-17T13:04:01","date_gmt":"2022-06-17T11:04:01","guid":{"rendered":"http:\/\/www.psib-psoe.org\/mallorca\/?p=26885"},"modified":"2022-06-17T13:04:01","modified_gmt":"2022-06-17T11:04:01","slug":"maitane-inan-elegida-com-a-secretaria-general-de-les-joventuts-socialistes-de-ponent","status":"publish","type":"post","link":"https:\/\/www.psib-psoe.org\/mallorca\/maitane-inan-elegida-com-a-secretaria-general-de-les-joventuts-socialistes-de-ponent\/","title":{"rendered":"Maitane I\u00f1an elegida com a secret\u00e0ria general de les Joventuts Socialistes de Ponent"},"content":{"rendered":"<div class=\"wpb-content-wrapper\">[vc_row][vc_column][vc_single_image image=&#8221;26886&#8243; img_size=&#8221;full&#8221; alignment=&#8221;center&#8221;][\/vc_column][\/vc_row][vc_row][vc_column][vc_column_text]<em><u>Les Joventuts Socialistes de Mallorca han comen\u00e7at la renovaci\u00f3 de les agrupacions mancomunades de l\u2019illa<\/u><\/em>[\/vc_column_text][\/vc_column][\/vc_row][vc_row][vc_column width=&#8221;1\/2&#8243;][vc_column_text]Les Joventuts Socialistes de Ponent, fusi\u00f3 de les agrupacions locals de Calvi\u00e0 i Andratx, han renovat la seva executiva i han elegit a Maitane I\u00f1an com a secret\u00e0ria general. D\u2019aquesta manera, comen\u00e7a la renovaci\u00f3 de les executives de les agrupacions mancomunades de les Joventuts Socialistes de Mallorca.<\/p>\n<p>La secret\u00e0ria general de les Joventuts Socialistes de Ponent, Maitane I\u00f1an, ha comen\u00e7at el seu discurs agra\u00efnt a tots els presents \u201cgr\u00e0cies a tots i totes els que sou aqu\u00ed, en un dia hist\u00f2ric per a les Joventuts Socialistes d&#8217;Andratx i Calvi\u00e1. Gr\u00e0cies tamb\u00e9 a Javier de Juan, vicesecretari general dels socialistes de Mallorca i conseller de presid\u00e8ncia del Consell de Mallorca; al batle de Calvi\u00e0 i secretari general de l\u2019agrupaci\u00f3, Alfonso Rodr\u00edguez; al batle d\u2019Andratx, Toni Mir; a la nostra secret\u00e0ria general de les Joventuts Socialistes de Mallorca, MariaBel Llin\u00e0s i al nostre secretari general de les Joventuts Socialistes de les Illes Balears i diputat del Parlament, Ares Fern\u00e1ndez\u201d.[\/vc_column_text][\/vc_column][vc_column width=&#8221;1\/2&#8243;][vc_column_text]I\u00f1an ha continuat el seu discurs comentant que \u201cels joves tenim inquietuds, preguntes, respostes i volem participar. Volem ajudar a construir una societat millor, m\u00e9s feminista, m\u00e9s ecologista, m\u00e9s igualit\u00e0ria, i que ens permeti comen\u00e7ar un projecte de vida. \u00c9s impossible millorar la societat sense comptar amb els joves. Aquesta feina es comen\u00e7a a fer en els municipis. Per aix\u00f2 som aqu\u00ed avui, perqu\u00e8 el municipalisme i les pol\u00edtiques de joventut vagin lligades. Unir forces en aquells aspectes que ens afecten tots dos municipis, Calvi\u00e0 i Andratx\u201d.<\/p>\n<p>Aix\u00ed, la Comissi\u00f3 Executiva de les Joventuts Socialistes de Ponent queda de la seg\u00fcent manera: Maitane I\u00f1an com a secret\u00e0ria general; Joan M\u00e9ndez com a secretari d\u2019organitzaci\u00f3; Esther Sosa com a secret\u00e0ria de pol\u00edtica municipal; Alejandro Gonz\u00e1lez com a secretari de comunicaci\u00f3; David Nieto com a secretari de mobilitzaci\u00f3; No\u00e8lia Rodr\u00edguez com a vocal; Laura Bl\u00e1zquez com a vocal; Fran Soriano com a secretari municipal de Calvi\u00e0 i Miquel Florit com a secretari municipal d\u2019Andratx.[\/vc_column_text][\/vc_column][\/vc_row]\n<\/div>","protected":false},"excerpt":{"rendered":"<p>[vc_row][vc_column][vc_single_image image=&#8221;26886&#8243; img_size=&#8221;full&#8221; alignment=&#8221;center&#8221;][\/vc_column][\/vc_row][vc_row][vc_column][vc_column_text]Les Joventuts Socialistes de Mallorca han comen\u00e7at la renovaci\u00f3 de les agrupacions mancomunades de l\u2019illa[\/vc_column_text][\/vc_column][\/vc_row][vc_row][vc_column width=&#8221;1\/2&#8243;][vc_column_text]Les Joventuts Socialistes de Ponent, fusi\u00f3 de les agrupacions locals de Calvi\u00e0 i Andratx, han renovat la seva executiva i han elegit a Maitane I\u00f1an com a secret\u00e0ria general. D\u2019aquesta manera, comen\u00e7a la renovaci\u00f3 de les executives&hellip;<\/p>\n","protected":false},"author":6,"featured_media":26886,"comment_status":"open","ping_status":"open","sticky":false,"template":"","format":"standard","meta":{"footnotes":""},"categories":[90,92],"tags":[108,362,325,226,360,342,359,358,361,341,84,222],"class_list":["post-26885","post","type-post","status-publish","format-standard","has-post-thumbnail","hentry","category-municipis","category-portada","tag-alfonso-rodriguez","tag-ares-fernandez","tag-assemblea-sant-joan","tag-javier-de-juan","tag-joan-mendez","tag-joventuts-socialistes-de-mallorca","tag-joventuts-socialistes-de-ponent","tag-jsib","tag-maitane-inan","tag-maria-bel-llinas","tag-psib-psoe","tag-toni-mir"],"_links":{"self":[{"href":"https:\/\/www.psib-psoe.org\/mallorca\/wp-json\/wp\/v2\/posts\/26885"}],"collection":[{"href":"https:\/\/www.psib-psoe.org\/mallorca\/wp-json\/wp\/v2\/posts"}],"about":[{"href":"https:\/\/www.psib-psoe.org\/mallorca\/wp-json\/wp\/v2\/types\/post"}],"author":[{"embeddable":true,"href":"https:\/\/www.psib-psoe.org\/mallorca\/wp-json\/wp\/v2\/users\/6"}],"replies":[{"embeddable":true,"href":"https:\/\/www.psib-psoe.org\/mallorca\/wp-json\/wp\/v2\/comments?post=26885"}],"version-history":[{"count":0,"href":"https:\/\/www.psib-psoe.org\/mallorca\/wp-json\/wp\/v2\/posts\/26885\/revisions"}],"wp:featuredmedia":[{"embeddable":true,"href":"https:\/\/www.psib-psoe.org\/mallorca\/wp-json\/wp\/v2\/media\/26886"}],"wp:attachment":[{"href":"https:\/\/www.psib-psoe.org\/mallorca\/wp-json\/wp\/v2\/media?parent=26885"}],"wp:term":[{"taxonomy":"category","embeddable":true,"href":"https:\/\/www.psib-psoe.org\/mallorca\/wp-json\/wp\/v2\/categories?post=26885"},{"taxonomy":"post_tag","embeddable":true,"href":"https:\/\/www.psib-psoe.org\/mallorca\/wp-json\/wp\/v2\/tags?post=26885"}],"curies":[{"name":"wp","href":"https:\/\/api.w.org\/{rel}","templated":true}]}}