{"id":26896,"date":"2022-06-29T16:07:12","date_gmt":"2022-06-29T14:07:12","guid":{"rendered":"http:\/\/www.psib-psoe.org\/mallorca\/?p=26896"},"modified":"2022-06-29T16:07:12","modified_gmt":"2022-06-29T14:07:12","slug":"el-grup-socialista-del-consell-de-mallorca-valora-positivament-laprovacio-al-ple-extraordinari-del-dret-de-tempteig-de-les-finques-de-la-central-termica-dalcanada","status":"publish","type":"post","link":"https:\/\/www.psib-psoe.org\/mallorca\/el-grup-socialista-del-consell-de-mallorca-valora-positivament-laprovacio-al-ple-extraordinari-del-dret-de-tempteig-de-les-finques-de-la-central-termica-dalcanada\/","title":{"rendered":"El Grup Socialista del Consell de Mallorca valora positivament l\u2019aprovaci\u00f3 al Ple Extraordinari del dret de tempteig de les finques de la central t\u00e8rmica d\u2019Alcanada"},"content":{"rendered":"<div class=\"wpb-content-wrapper\">[vc_row][vc_column][vc_single_image image=&#8221;26019&#8243; img_size=&#8221;full&#8221; alignment=&#8221;center&#8221;][\/vc_column][\/vc_row][vc_row][vc_column][vc_column_text]<em><u>La proposta ha sortit endavant amb el vot a favor de tots els grups a excepci\u00f3 de VOX<\/u><\/em>[\/vc_column_text][\/vc_column][\/vc_row][vc_row][vc_column width=&#8221;1\/2&#8243;][vc_column_text]El Grup Socialista del Consell de Mallorca s\u2019ha mostrat molt satisfet amb l\u2019aprovaci\u00f3 al Ple Extraodinari, amb els vots de tots els partits, a excepci\u00f3 de VOX, de l\u2019inici de l\u2019adquisici\u00f3 de les dues finques que inclouen l\u2019antiga central t\u00e8rmica d\u2019Alcanada.<\/p>\n<p>El portaveu del Grup Socialista al Consell de Mallorca, Andreu Alcover ha valorat aquesta aprovaci\u00f3 \u201cavui assolim una fita hist\u00f2rica. Les finques de la central t\u00e8rmica d\u2019Alcanada porten 40 anys en una situaci\u00f3 de bloqueig, per aix\u00f2 era tan necessari fer una intervenci\u00f3\u201d.[\/vc_column_text][\/vc_column][vc_column width=&#8221;1\/2&#8243;][vc_column_text]Alcover ha afegit que \u201c\u00e9s un bon moment per aprofitar els Fons Europeus, volem fer un projecte de futur, hem d\u2019anar en la l\u00ednia de l\u2019Alc\u00fadia Tech Mar, apostant per un projecte verd centrar en la descarbonitzaci\u00f3 del mar. Es passa hist\u00f2rica per Alc\u00fadia i per Mallorca perqu\u00e8 garanteix que el patrimoni no quedi en mans d\u2019estrangers i sigui p\u00fablic, de tots els mallorquins i les mallorquines\u201d.<\/p>\n<p>L\u2019ex batlessa socialista i actual tinent de batle d\u2019Alc\u00fadia, B\u00e0rbara Rebassa ha estat present al plenari i ha destacat que \u201cvull donar les gr\u00e0cies al Consell de Mallorca per la seva iniciativa i per sempre estar disposts a rebre\u2019ns i intentar trobar una soluci\u00f3. \u00c9s important que una \u00e0mplia majoria hagi votat a favor, a excepci\u00f3 de VOX\u201d. Rebassa fou la primera ambaixadora del projecte Alc\u00fadia Tech Mar.[\/vc_column_text][\/vc_column][\/vc_row]\n<\/div>","protected":false},"excerpt":{"rendered":"<p>[vc_row][vc_column][vc_single_image image=&#8221;26019&#8243; img_size=&#8221;full&#8221; alignment=&#8221;center&#8221;][\/vc_column][\/vc_row][vc_row][vc_column][vc_column_text]La proposta ha sortit endavant amb el vot a favor de tots els grups a excepci\u00f3 de VOX[\/vc_column_text][\/vc_column][\/vc_row][vc_row][vc_column width=&#8221;1\/2&#8243;][vc_column_text]El Grup Socialista del Consell de Mallorca s\u2019ha mostrat molt satisfet amb l\u2019aprovaci\u00f3 al Ple Extraodinari, amb els vots de tots els partits, a excepci\u00f3 de VOX, de l\u2019inici de l\u2019adquisici\u00f3 de les dues&hellip;<\/p>\n","protected":false},"author":6,"featured_media":0,"comment_status":"open","ping_status":"open","sticky":false,"template":"","format":"standard","meta":{"footnotes":""},"categories":[89,92],"tags":[363,86,349,83,84],"class_list":["post-26896","post","type-post","status-publish","format-standard","hentry","category-consell-de-mallorca","category-portada","tag-alcanada","tag-andreu-alcover","tag-barbara-rebassa","tag-consell-de-mallorca","tag-psib-psoe"],"_links":{"self":[{"href":"https:\/\/www.psib-psoe.org\/mallorca\/wp-json\/wp\/v2\/posts\/26896"}],"collection":[{"href":"https:\/\/www.psib-psoe.org\/mallorca\/wp-json\/wp\/v2\/posts"}],"about":[{"href":"https:\/\/www.psib-psoe.org\/mallorca\/wp-json\/wp\/v2\/types\/post"}],"author":[{"embeddable":true,"href":"https:\/\/www.psib-psoe.org\/mallorca\/wp-json\/wp\/v2\/users\/6"}],"replies":[{"embeddable":true,"href":"https:\/\/www.psib-psoe.org\/mallorca\/wp-json\/wp\/v2\/comments?post=26896"}],"version-history":[{"count":0,"href":"https:\/\/www.psib-psoe.org\/mallorca\/wp-json\/wp\/v2\/posts\/26896\/revisions"}],"wp:attachment":[{"href":"https:\/\/www.psib-psoe.org\/mallorca\/wp-json\/wp\/v2\/media?parent=26896"}],"wp:term":[{"taxonomy":"category","embeddable":true,"href":"https:\/\/www.psib-psoe.org\/mallorca\/wp-json\/wp\/v2\/categories?post=26896"},{"taxonomy":"post_tag","embeddable":true,"href":"https:\/\/www.psib-psoe.org\/mallorca\/wp-json\/wp\/v2\/tags?post=26896"}],"curies":[{"name":"wp","href":"https:\/\/api.w.org\/{rel}","templated":true}]}}