{"id":26915,"date":"2022-07-06T12:58:51","date_gmt":"2022-07-06T10:58:51","guid":{"rendered":"http:\/\/www.psib-psoe.org\/mallorca\/?p=26915"},"modified":"2022-07-06T12:58:51","modified_gmt":"2022-07-06T10:58:51","slug":"joventus-socialistes-llevant","status":"publish","type":"post","link":"https:\/\/www.psib-psoe.org\/mallorca\/joventus-socialistes-llevant\/","title":{"rendered":"Joan Josep Soler, elegit com a secretari general de les Joventuts Socialistes de Llevant"},"content":{"rendered":"<div class=\"wpb-content-wrapper\">[vc_row][vc_column][vc_single_image image=&#8221;26912&#8243; img_size=&#8221;full&#8221; alignment=&#8221;center&#8221;][\/vc_column][\/vc_row][vc_row][vc_column][vc_column_text]<em><strong><u>Les Joventuts Socialistes de Mallorca han continuat el proc\u00e9s de renovaci\u00f3 de les agrupacions mancomunades de l\u2019illa, despr\u00e9s de les Joventuts Socialistes de Ponent<\/u><\/strong><\/em><\/p>\n[\/vc_column_text][\/vc_column][\/vc_row][vc_row][vc_column][vc_column_text]\n<div class=\"wpb_column columns small-12 medium-6 thb-dark-column\">\n<div class=\"vc_column-inner \">\n<div class=\"wpb_wrapper\">\n<div class=\"wpb_text_column wpb_content_element \">\n<div class=\"wpb_wrapper\">\n<p>Les Joventuts Socialistes de Llevant, fusi\u00f3 de les agrupacions locals de Manacor, Son Servera, Art\u00e0 i Capdepera, han renovat la seva executiva i han elegit a Joan Josep Soler com a secretari general. D\u2019aquesta manera, continua la renovaci\u00f3 de les executives de les agrupacions mancomunades de les Joventuts Socialistes de Mallorca.<\/p>\n<p>El secretari general de les Joventuts Socialistes de Llevant, Joan Josep Soler, ha comen\u00e7at el seu discurs agraint a tots els presents \u201cla seva pres\u00e8ncia en aquesta assemblea tan important per als joves socialistes del Llevant de Mallorca perqu\u00e8 d\u2019aqu\u00ed en endavant les reivindicacions hist\u00f2riques dels habitants d\u2019aquesta comarca, seran les de Joventuts Socialistes de Llevant\u201d.<\/p>\n<p>Soler ha continuat el seu discurs comentant que \u201cel 2023 tenim una oportunitat \u00fanica per revalidar tots els governs socialistes de la comarca, i fer arribar la veu dels joves a tots els ajuntaments que conformen aquest territori en mat\u00e8ries com poden ser l\u2019habitatge o la millora de la connectivitat\u201d.<\/p>\n<\/div>\n<\/div>\n<\/div>\n<\/div>\n<\/div>\n[\/vc_column_text][vc_column_text]En representaci\u00f3 de la Federaci\u00f3 Socialista de Mallorca, ha assistit, Xisco Bergas, secretari de comunicaci\u00f3 d\u2019Agrupacions Locals i ha afirmat que: \u201cLa comarca de Llevant \u00e9s emblem\u00e0tica pels socialistes, ja que compartim reptes, objectius i moltes altres coses. A m\u00e9s compartim lideratges socialistes en tota la comarca i aix\u00f2 deixa marca en les pol\u00edtiques que s&#8217;estan duent a terme&#8221;.<\/p>\n<p>&#8220;Pel que fa als joves, tamb\u00e9 \u00e9s molt important el que heu fet avui perqu\u00e8 Llevant \u00e9s una comarca amb una identitat molt marcada i una relaci\u00f3 molt estreta entre la gent dels seus municipis i que avui pogueu constituir l&#8217;executiva de la comarca \u00e9s una passa m\u00e9s en el cam\u00ed d&#8217;unitat i feina conjunta en benefici de la ciutadania\u201d, ha concl\u00f2s Bergas.<\/p>\n<p>Aix\u00ed, la Comissi\u00f3 Executiva de les Joventuts Socialistes de LLevant queda de la seg\u00fcent manera: Joan Josep Soler com a secretari general i delegat de JS d\u2019Art\u00e0; Pere Gomila com a secretari d\u2019organitzaci\u00f3; Toni Torres com a secretari de pol\u00edtica municipal; Nerea Garcia com a secret\u00e0ria d\u2019igualtat i delegada de JS de Manacor, Toni Ferran, secretari de dinamitzaci\u00f3 i delegat de JS de Capdapera; Pedro Calzado, secretari de comunicaci\u00f3 i delegat de JS de Son Servera i Conchi Agularm Marta Mart\u00edn i Carme Gonz\u00e1lez; com a vocals.[\/vc_column_text][\/vc_column][\/vc_row]\n<\/div>","protected":false},"excerpt":{"rendered":"<p>[vc_row][vc_column][vc_single_image image=&#8221;26912&#8243; img_size=&#8221;full&#8221; alignment=&#8221;center&#8221;][\/vc_column][\/vc_row][vc_row][vc_column][vc_column_text]Les Joventuts Socialistes de Mallorca han continuat el proc\u00e9s de renovaci\u00f3 de les agrupacions mancomunades de l\u2019illa, despr\u00e9s de les Joventuts Socialistes de Ponent [\/vc_column_text][\/vc_column][\/vc_row][vc_row][vc_column][vc_column_text] Les Joventuts Socialistes de Llevant, fusi\u00f3 de les agrupacions locals de Manacor, Son Servera, Art\u00e0 i Capdepera, han renovat la seva executiva i han elegit a Joan&hellip;<\/p>\n","protected":false},"author":3,"featured_media":26912,"comment_status":"open","ping_status":"open","sticky":false,"template":"","format":"standard","meta":{"footnotes":""},"categories":[2,1],"tags":[83,365,366,342],"class_list":["post-26915","post","type-post","status-publish","format-standard","has-post-thumbnail","hentry","category-federacio-de-mallorca","category-federacio-de-mallorca-portada","tag-consell-de-mallorca","tag-escia","tag-joan-josep-soler","tag-joventuts-socialistes-de-mallorca"],"_links":{"self":[{"href":"https:\/\/www.psib-psoe.org\/mallorca\/wp-json\/wp\/v2\/posts\/26915"}],"collection":[{"href":"https:\/\/www.psib-psoe.org\/mallorca\/wp-json\/wp\/v2\/posts"}],"about":[{"href":"https:\/\/www.psib-psoe.org\/mallorca\/wp-json\/wp\/v2\/types\/post"}],"author":[{"embeddable":true,"href":"https:\/\/www.psib-psoe.org\/mallorca\/wp-json\/wp\/v2\/users\/3"}],"replies":[{"embeddable":true,"href":"https:\/\/www.psib-psoe.org\/mallorca\/wp-json\/wp\/v2\/comments?post=26915"}],"version-history":[{"count":0,"href":"https:\/\/www.psib-psoe.org\/mallorca\/wp-json\/wp\/v2\/posts\/26915\/revisions"}],"wp:featuredmedia":[{"embeddable":true,"href":"https:\/\/www.psib-psoe.org\/mallorca\/wp-json\/wp\/v2\/media\/26912"}],"wp:attachment":[{"href":"https:\/\/www.psib-psoe.org\/mallorca\/wp-json\/wp\/v2\/media?parent=26915"}],"wp:term":[{"taxonomy":"category","embeddable":true,"href":"https:\/\/www.psib-psoe.org\/mallorca\/wp-json\/wp\/v2\/categories?post=26915"},{"taxonomy":"post_tag","embeddable":true,"href":"https:\/\/www.psib-psoe.org\/mallorca\/wp-json\/wp\/v2\/tags?post=26915"}],"curies":[{"name":"wp","href":"https:\/\/api.w.org\/{rel}","templated":true}]}}