{"id":26938,"date":"2022-07-14T14:32:43","date_gmt":"2022-07-14T12:32:43","guid":{"rendered":"http:\/\/www.psib-psoe.org\/mallorca\/?p=26938"},"modified":"2022-07-14T15:23:28","modified_gmt":"2022-07-14T13:23:28","slug":"el-ple-del-consell-aprova-estabilitzar-les-places-interines-de-10-ajuntaments-de-mallorca","status":"publish","type":"post","link":"https:\/\/www.psib-psoe.org\/mallorca\/el-ple-del-consell-aprova-estabilitzar-les-places-interines-de-10-ajuntaments-de-mallorca\/","title":{"rendered":"El Ple del Consell aprova estabilitzar les places interines de 29 ajuntaments de Mallorca"},"content":{"rendered":"<div class=\"wpb-content-wrapper\">[vc_row][vc_column][vc_single_image image=&#8221;24966&#8243; img_size=&#8221;full&#8221; alignment=&#8221;center&#8221;][\/vc_column][\/vc_row][vc_row][vc_column][vc_column_text]\n<p style=\"font-weight: 400;\"><em><u>Andreu Alcover: \u201cEl govern del PP va causar un percentatge molt alt de personal inter\u00ed perqu\u00e8 no es convocaven oposicions; ara, l\u2019objectiu \u00e9s estabilitzar les plantilles per no passar del 8% de personal temporal\u201d<\/u><\/em><\/p>\n[\/vc_column_text][\/vc_column][\/vc_row][vc_row][vc_column width=&#8221;1\/2&#8243;][vc_column_text]\n<p style=\"font-weight: 400;\">El portaveu del Grup Socialista al Consell de Mallorca, Andreu Alcover, ha valorat positivament l\u2019aprovaci\u00f3 per part del Ple del Consell de l\u2019aprovaci\u00f3 de les bases, la convocat\u00f2ria i la gesti\u00f3 dels processos d\u2019estabilitzaci\u00f3 de l\u2019ocupaci\u00f3 temporal d\u2019ajuntaments i mancomunitats de municipis de Mallorca que suposar\u00e0, en principi, l\u2019estabilitzaci\u00f3 de 29 institucions locals, ja que \u201cla millora dels serveis p\u00fablics sempre \u00e9s un objectiu dels socialistes\u201d<\/p>\n<p style=\"font-weight: 400;\">D\u2019aquesta manera, Alcover ha expressat que \u201c\u00e9s una bona not\u00edcia que s\u2019aprovi l\u2019enc\u00e0rrec dels processos d\u2019estabilitzaci\u00f3 de personal inter\u00ed al Consell de Mallorca perqu\u00e8 alleujar\u00e0 la c\u00e0rrega de recursos, tant humans com monetaris, a les institucions locals, ja que aquests processos quedaran coberta pel Consell de Mallorca com a instituci\u00f3 referent\u201d.<\/p>\n<p style=\"font-weight: 400;\">Alcover ha destacat que \u201cavui ja s\u2019ha aprovat la gesti\u00f3 dels 10 primers ajuntaments, per\u00f2 al final de mes es dur\u00e0 a terme el tr\u00e0mit per incorporar la resta d\u2019ajuntaments fins a arribar als 29\u201d. El socialista ha subratllat que \u201caquests processos acabaran amb la temporalitat a la funci\u00f3 p\u00fablica de les diferents administracions locals\u201d.<\/p>\n[\/vc_column_text][\/vc_column][vc_column width=&#8221;1\/2&#8243;][vc_column_text]\n<p style=\"font-weight: 400;\">\u201cEl govern del Partit Popular va causar un percentatge molt alt de personal inter\u00ed perqu\u00e8 no es convocaven oposicions i el resultat va ser que ara m\u00e9s de la meitat de la plantilla del personal del Consell de Mallorca sigui personal temporal\u201d, ha exposat Alcover qui ha afegit que \u201cara, l\u2019objectiu \u00e9s estabilitzar les plantilles per no passar del 8% de personal temporal\u201d.<\/p>\n<p style=\"font-weight: 400;\">Cal recordar que aquest proc\u00e9s sorgeix de la Llei 20\/2021 de mesures urgents per a la reducci\u00f3 de la temporalitat a l\u2019ocupaci\u00f3 p\u00fablica, amb l\u2019objectiu de situar per davall del 8% la taxa de cobertura temporal de places estructurals. \u201cAquesta Llei permetr\u00e0 reduir el personal temporal no nom\u00e9s al Consell de Mallorca, sin\u00f3 que tamb\u00e9 a la resta d\u2019Ajuntaments de l\u2019illa\u201d, ha incidit el portaveu socialista.<\/p>\n[\/vc_column_text][\/vc_column][\/vc_row]\n<\/div>","protected":false},"excerpt":{"rendered":"<p>[vc_row][vc_column][vc_single_image image=&#8221;24966&#8243; img_size=&#8221;full&#8221; alignment=&#8221;center&#8221;][\/vc_column][\/vc_row][vc_row][vc_column][vc_column_text] Andreu Alcover: \u201cEl govern del PP va causar un percentatge molt alt de personal inter\u00ed perqu\u00e8 no es convocaven oposicions; ara, l\u2019objectiu \u00e9s estabilitzar les plantilles per no passar del 8% de personal temporal\u201d [\/vc_column_text][\/vc_column][\/vc_row][vc_row][vc_column width=&#8221;1\/2&#8243;][vc_column_text] El portaveu del Grup Socialista al Consell de Mallorca, Andreu Alcover, ha valorat positivament l\u2019aprovaci\u00f3&hellip;<\/p>\n","protected":false},"author":4,"featured_media":24925,"comment_status":"open","ping_status":"open","sticky":false,"template":"","format":"standard","meta":{"footnotes":""},"categories":[89,92],"tags":[],"class_list":["post-26938","post","type-post","status-publish","format-standard","has-post-thumbnail","hentry","category-consell-de-mallorca","category-portada"],"_links":{"self":[{"href":"https:\/\/www.psib-psoe.org\/mallorca\/wp-json\/wp\/v2\/posts\/26938"}],"collection":[{"href":"https:\/\/www.psib-psoe.org\/mallorca\/wp-json\/wp\/v2\/posts"}],"about":[{"href":"https:\/\/www.psib-psoe.org\/mallorca\/wp-json\/wp\/v2\/types\/post"}],"author":[{"embeddable":true,"href":"https:\/\/www.psib-psoe.org\/mallorca\/wp-json\/wp\/v2\/users\/4"}],"replies":[{"embeddable":true,"href":"https:\/\/www.psib-psoe.org\/mallorca\/wp-json\/wp\/v2\/comments?post=26938"}],"version-history":[{"count":0,"href":"https:\/\/www.psib-psoe.org\/mallorca\/wp-json\/wp\/v2\/posts\/26938\/revisions"}],"wp:featuredmedia":[{"embeddable":true,"href":"https:\/\/www.psib-psoe.org\/mallorca\/wp-json\/wp\/v2\/media\/24925"}],"wp:attachment":[{"href":"https:\/\/www.psib-psoe.org\/mallorca\/wp-json\/wp\/v2\/media?parent=26938"}],"wp:term":[{"taxonomy":"category","embeddable":true,"href":"https:\/\/www.psib-psoe.org\/mallorca\/wp-json\/wp\/v2\/categories?post=26938"},{"taxonomy":"post_tag","embeddable":true,"href":"https:\/\/www.psib-psoe.org\/mallorca\/wp-json\/wp\/v2\/tags?post=26938"}],"curies":[{"name":"wp","href":"https:\/\/api.w.org\/{rel}","templated":true}]}}