{"id":26946,"date":"2022-07-23T13:02:46","date_gmt":"2022-07-23T11:02:46","guid":{"rendered":"http:\/\/www.psib-psoe.org\/mallorca\/?p=26946"},"modified":"2022-07-23T13:11:05","modified_gmt":"2022-07-23T11:11:05","slug":"xavi-colom-elegit-com-a-secretari-general-de-les-joventuts-socialistes-des-raiguer","status":"publish","type":"post","link":"https:\/\/www.psib-psoe.org\/mallorca\/xavi-colom-elegit-com-a-secretari-general-de-les-joventuts-socialistes-des-raiguer\/","title":{"rendered":"Xavi Colom, elegit com a secretari general de les Joventuts Socialistes del Raiguer"},"content":{"rendered":"<div class=\"wpb-content-wrapper\">[vc_row][vc_column][vc_single_image image=&#8221;26947&#8243; img_size=&#8221;full&#8221; alignment=&#8221;center&#8221;][\/vc_column][\/vc_row][vc_row][vc_column][vc_column_text]<em><strong><u>Les Joventuts Socialistes de Mallorca han continuat el proc\u00e9s de renovaci\u00f3 de les agrupacions mancomunades de l\u2019illa, despr\u00e9s de les Joventuts Socialistes de Llevant<\/u><\/strong><\/em>[\/vc_column_text][\/vc_column][\/vc_row][vc_row][vc_column][vc_column_text]\n<div class=\"wpb_column columns small-12 medium-6 thb-dark-column\">\n<div class=\"vc_column-inner \">\n<div class=\"wpb_wrapper\">\n<div class=\"wpb_text_column wpb_content_element \">\n<div class=\"wpb_wrapper\">\n<p>Les Joventuts Socialistes del Raiguer, fusi\u00f3 de les agrupacions locals d\u2019Inca, Santa Margalida, S\u00f3ller, Alc\u00fadia, Binissalem, Lloseta i Sineu, han renovat la seva executiva i han elegit a Xavi Colom com a secretari general. D\u2019aquesta manera, continua la renovaci\u00f3 de les executives de les agrupacions mancomunades de les Joventuts Socialistes de Mallorca.<\/p>\n<p>El secretari general de les Joventuts Socialistes de Llevant, Xavi Colom, ha comen\u00e7at el seu discurs agraint a tots els presents &#8220;la seva pres\u00e8ncia en aquesta assemblea tan important per als joves socialistes del Raiguer&#8221; perqu\u00e8 &#8220;ara m\u00e9s que mai els joves som els qui decidim el present per construir el futur, tal com el volem, per\u00f2 sobretot com el necessitam: accessible, verd, feminista, igualitari, i digital&#8221;, ha remarcat Colom.<\/p>\n<p>Xavi Colom ha continuat el seu discurs comentant que \u201chem d\u2019explicar als i les joves que feim als nostres ajuntaments on governam, quines pol\u00edtiques feim i que va fer la dreta quan no govern\u00e0vem nosaltres, perqu\u00e8 el passat pot tornar i deixar a la joventut de costat com a molts d\u2019indrets del Raiguer\u201d.<\/p>\n<\/div>\n<\/div>\n<\/div>\n<\/div>\n<\/div>\n[\/vc_column_text][vc_column_text]En representaci\u00f3 de la Federaci\u00f3 Socialista de Mallorca, ha assistit, Javier de Juan, vicesecretari general de la FSM i ha afirmat que &#8220;el repte de Joventuts Socialistes de Mallorca \u00e9s molt important perqu\u00e8 ens toca continuar imaginant una Mallorca de futur molt m\u00e9s justa i sostenible, econ\u00f2mica, socialment i mediambientalment millor on poguem garantir els drets individuals de tot el jovent de l&#8217;illa&#8221;.<\/p>\n<p>\u201cImaginau una Mallorca per\u00f2 no nom\u00e9s per als joves, sin\u00f3 amb idees de joves que es puguin aplicar a tota la ciutadania, perqu\u00e8 el futur \u00e9s vostre\u201d, ha concl\u00f2s de Juan.<\/p>\n<p>Aix\u00ed, la Comissi\u00f3 Executiva de les Joventuts Socialistes del Raiguer queda de la seg\u00fcent manera: Xavi Colom com a secretari general i secretari municipal d\u2019Inca; Xisca Gamund\u00ed com a secret\u00e0ria d\u2019organitzaci\u00f3, Igualtat, i Moviments LGTBI i secret\u00e0ria municipal de Santa Margalida; Tomeu Hern\u00e1ndez com a secretari de Pol\u00edtica Comarcal i Mobilitat i secretari municipal de S\u00f3ller; Quim Buendia com a secretari d\u2019esports, formaci\u00f3 i secretari municipal d\u2019Alc\u00fadia; Xisco Bibiloni com a secretari de Dinamitzaci\u00f3; Toni Ramon com a secretari de comunicaci\u00f3, cultura i secretari municipal de Binissalem; Benjam\u00edn de Juan com a secretari de Medi Ambient, ecologisme i secretari municipal de Lloseta i Mikel Matxola com a secretari d\u2019emancipaci\u00f3 i secretari municipal de Sineu.[\/vc_column_text][\/vc_column][\/vc_row]\n<\/div>","protected":false},"excerpt":{"rendered":"<p>[vc_row][vc_column][vc_single_image image=&#8221;26947&#8243; img_size=&#8221;full&#8221; alignment=&#8221;center&#8221;][\/vc_column][\/vc_row][vc_row][vc_column][vc_column_text]Les Joventuts Socialistes de Mallorca han continuat el proc\u00e9s de renovaci\u00f3 de les agrupacions mancomunades de l\u2019illa, despr\u00e9s de les Joventuts Socialistes de Llevant[\/vc_column_text][\/vc_column][\/vc_row][vc_row][vc_column][vc_column_text] Les Joventuts Socialistes del Raiguer, fusi\u00f3 de les agrupacions locals d\u2019Inca, Santa Margalida, S\u00f3ller, Alc\u00fadia, Binissalem, Lloseta i Sineu, han renovat la seva executiva i han elegit a&hellip;<\/p>\n","protected":false},"author":3,"featured_media":26947,"comment_status":"open","ping_status":"open","sticky":false,"template":"","format":"standard","meta":{"footnotes":""},"categories":[2,1],"tags":[83,365,366,342],"class_list":["post-26946","post","type-post","status-publish","format-standard","has-post-thumbnail","hentry","category-federacio-de-mallorca","category-federacio-de-mallorca-portada","tag-consell-de-mallorca","tag-escia","tag-joan-josep-soler","tag-joventuts-socialistes-de-mallorca"],"_links":{"self":[{"href":"https:\/\/www.psib-psoe.org\/mallorca\/wp-json\/wp\/v2\/posts\/26946"}],"collection":[{"href":"https:\/\/www.psib-psoe.org\/mallorca\/wp-json\/wp\/v2\/posts"}],"about":[{"href":"https:\/\/www.psib-psoe.org\/mallorca\/wp-json\/wp\/v2\/types\/post"}],"author":[{"embeddable":true,"href":"https:\/\/www.psib-psoe.org\/mallorca\/wp-json\/wp\/v2\/users\/3"}],"replies":[{"embeddable":true,"href":"https:\/\/www.psib-psoe.org\/mallorca\/wp-json\/wp\/v2\/comments?post=26946"}],"version-history":[{"count":0,"href":"https:\/\/www.psib-psoe.org\/mallorca\/wp-json\/wp\/v2\/posts\/26946\/revisions"}],"wp:featuredmedia":[{"embeddable":true,"href":"https:\/\/www.psib-psoe.org\/mallorca\/wp-json\/wp\/v2\/media\/26947"}],"wp:attachment":[{"href":"https:\/\/www.psib-psoe.org\/mallorca\/wp-json\/wp\/v2\/media?parent=26946"}],"wp:term":[{"taxonomy":"category","embeddable":true,"href":"https:\/\/www.psib-psoe.org\/mallorca\/wp-json\/wp\/v2\/categories?post=26946"},{"taxonomy":"post_tag","embeddable":true,"href":"https:\/\/www.psib-psoe.org\/mallorca\/wp-json\/wp\/v2\/tags?post=26946"}],"curies":[{"name":"wp","href":"https:\/\/api.w.org\/{rel}","templated":true}]}}