{"id":26950,"date":"2022-07-27T13:51:49","date_gmt":"2022-07-27T11:51:49","guid":{"rendered":"http:\/\/www.psib-psoe.org\/mallorca\/?p=26950"},"modified":"2022-07-27T13:51:49","modified_gmt":"2022-07-27T11:51:49","slug":"andreu-alcover-durant-la-seva-legislatura-el-pp-no-va-fer-res-amb-el-contracte-amb-mac-insular-13-anys-despres-per-fi-hem-trobat-una-solucio-al-conflicte","status":"publish","type":"post","link":"https:\/\/www.psib-psoe.org\/mallorca\/andreu-alcover-durant-la-seva-legislatura-el-pp-no-va-fer-res-amb-el-contracte-amb-mac-insular-13-anys-despres-per-fi-hem-trobat-una-solucio-al-conflicte\/","title":{"rendered":"Andreu Alcover: \u201cDurant la seva legislatura, el PP no va fer res amb el contracte amb MAC Insular. 13 anys despr\u00e9s, per fi hem trobat una soluci\u00f3 al conflicte\u201d"},"content":{"rendered":"<div class=\"wpb-content-wrapper\">[vc_row][vc_column][vc_single_image image=&#8221;26951&#8243; img_size=&#8221;full&#8221; alignment=&#8221;center&#8221;][\/vc_column][\/vc_row][vc_row][vc_column][vc_column_text]<em><u>El portaveu del grup socialista al Consell de Mallorca, Andreu Alcover, ha valorat el curs pol\u00edtic a la instituci\u00f3 insular<\/u><\/em>[\/vc_column_text][\/vc_column][\/vc_row][vc_row][vc_column width=&#8221;1\/2&#8243;][vc_column_text]El portaveu del PSIB-PSOE al Consell de Mallorca, Andreu Alcover, ha valorat el curs pol\u00edtic a la instituci\u00f3 insular. Alcover ha remarcat un punt que es dur\u00e0 al ple del pr\u00f2xim dijous: l\u2019acord en el contracte per la gesti\u00f3 de residus d\u2019obra i demolici\u00f3, voluminosos i pneum\u00e0tics amb l\u2019empresa concession\u00e0ria MAC Insular.<\/p>\n<p>Sobre l\u2019acord amb MAC Insular, Andreu Alcover ha destacat que \u201cdespr\u00e9s de 13 anys de litigis i problemes, \u00e9s una excel\u00b7lent not\u00edcia haver arribat a un acord. Aix\u00f2 demostra una vegada m\u00e9s la feina de di\u00e0leg i negociaci\u00f3 de l\u2019equip de govern. Aquest acord suposar\u00e0 un benefici per a tota la ciutadania\u201d.<\/p>\n<p>Alcover ha afegit que \u201c\u00e9s necessari recordar que en la legislatura del 2011 al 2015, el Partit Popular es va posar de perfil i no va fer absolutament res per intentar resoldre aquest conflicte. Quan nosaltres v\u00e0rem dur al plenari un acord per interpretar el contracte, com ens havia recomanat el Consell Consultiu, el PP va fer un discurs absolutament demolidor contra aquells que vot\u00e0vem a favor d\u2019aquella interpretaci\u00f3\u201d.<\/p>\n<p><strong>Acords de Raixa<\/strong><\/p>\n<p>El portaveu socialista tamb\u00e9 ha volgut remarcar el compliment de m\u00e9s del 90% dels Acords de Raixa per part de l\u2019equip de govern \u201ctot i la pand\u00e8mia o la guerra d\u2019Ucra\u00efna, l\u2019equip de govern ha complert el 92% del Acords de Raixa. Ara, la idea \u00e9s continuar complint objectius\u201d.<\/p>\n<p><strong>Mocions presentades per l\u2019oposici\u00f3 al 2022<\/strong><\/p>\n<p>Durant la roda de premsa, Andreu Alcover ha comentat que l\u2019any 2022 l\u2019oposici\u00f3 al Consell Insular ha presentat un total de 64 mocions als plens de les quals se n\u2019han aprovat la meitat, 32. \u201cAix\u00f2 demostra el car\u00e0cter conciliador i dialogant de l\u2019equip de govern\u201d ha declarat Alcover.[\/vc_column_text][\/vc_column][vc_column width=&#8221;1\/2&#8243;][vc_column_text]<strong>Valoraci\u00f3 general del curs pol\u00edtic al Consell de Mallorca<\/strong><\/p>\n<p>Finalment, Andreu Alcover ha fet una valoraci\u00f3 general del curs pol\u00edtic \u201caquest curs pol\u00edtic ha estat marcat per la sortida de la pand\u00e8mia. Vam comen\u00e7ar el curs portant la mascareta als plens i ara ja no \u00e9s obligat\u00f2ria portar-la. Des del Consell vam treballar de manera r\u00e0pida i efectiva per fer arribar els ajuts a la ciutadania amb el Pla Reacciona. A m\u00e9s, sempre est\u00e0 b\u00e9 recordar la bona gesti\u00f3 de l\u2019IMAS a les resid\u00e8ncies de gent gran\u201d.<\/p>\n<p>\u201cUn altre fet que ha marcat aquest curs pol\u00edtic ha estat la guerra d\u2019Ucra\u00efna. Una vegada m\u00e9s, com amb la pand\u00e8mia, vam oferir una resposta r\u00e0pida i efectiva. Des del Consell de Mallorca vam aprovar el mes d\u2019abril un paquet d\u2019ajudes amb un total de 23 mesures per un valor de 44 milions d\u2019euros\u201d ha destacat Alcover.<\/p>\n<p>El portaveu socialista al Consell de Mallorca ha concl\u00f2s \u201cper \u00faltim, m\u2019agradaria posar alguns exemples de com aquest curs pol\u00edtic hem avan\u00e7at cap a la triple sostenibilitat (mediambiental, social i econ\u00f2mica). En l\u2019\u00e0mbit econ\u00f2mic, cal destacar la recuperaci\u00f3 econ\u00f2mica amb unes grans xifres d\u2019ocupaci\u00f3. Pel que fa a la sostenibilitat mediambiental, podem posar per exemple el projecte que hem iniciat de les 5 plantes de compostatge a Llucmajor, Santa Margalida, Marratx\u00ed, Calvi\u00e0 i Felanitx que tancaran el cercle de la mat\u00e8ria org\u00e0nica a Mallorca. Per acabar, en termes socials cal remarcar que l\u2019any 2022 hem arribat a un m\u00e0xim hist\u00f2ric de m\u00e9s de 21 milions d\u2019euros destinats als serveis socials municipals\u201d.[\/vc_column_text][\/vc_column][\/vc_row]\n<\/div>","protected":false},"excerpt":{"rendered":"<p>[vc_row][vc_column][vc_single_image image=&#8221;26951&#8243; img_size=&#8221;full&#8221; alignment=&#8221;center&#8221;][\/vc_column][\/vc_row][vc_row][vc_column][vc_column_text]El portaveu del grup socialista al Consell de Mallorca, Andreu Alcover, ha valorat el curs pol\u00edtic a la instituci\u00f3 insular[\/vc_column_text][\/vc_column][\/vc_row][vc_row][vc_column width=&#8221;1\/2&#8243;][vc_column_text]El portaveu del PSIB-PSOE al Consell de Mallorca, Andreu Alcover, ha valorat el curs pol\u00edtic a la instituci\u00f3 insular. Alcover ha remarcat un punt que es dur\u00e0 al ple del pr\u00f2xim dijous:&hellip;<\/p>\n","protected":false},"author":6,"featured_media":26951,"comment_status":"open","ping_status":"open","sticky":false,"template":"","format":"standard","meta":{"footnotes":""},"categories":[89,92],"tags":[368,369,86,83,370,84],"class_list":["post-26950","post","type-post","status-publish","format-standard","has-post-thumbnail","hentry","category-consell-de-mallorca","category-portada","tag-368","tag-acords-de-raixa","tag-andreu-alcover","tag-consell-de-mallorca","tag-mac-insular","tag-psib-psoe"],"_links":{"self":[{"href":"https:\/\/www.psib-psoe.org\/mallorca\/wp-json\/wp\/v2\/posts\/26950"}],"collection":[{"href":"https:\/\/www.psib-psoe.org\/mallorca\/wp-json\/wp\/v2\/posts"}],"about":[{"href":"https:\/\/www.psib-psoe.org\/mallorca\/wp-json\/wp\/v2\/types\/post"}],"author":[{"embeddable":true,"href":"https:\/\/www.psib-psoe.org\/mallorca\/wp-json\/wp\/v2\/users\/6"}],"replies":[{"embeddable":true,"href":"https:\/\/www.psib-psoe.org\/mallorca\/wp-json\/wp\/v2\/comments?post=26950"}],"version-history":[{"count":0,"href":"https:\/\/www.psib-psoe.org\/mallorca\/wp-json\/wp\/v2\/posts\/26950\/revisions"}],"wp:featuredmedia":[{"embeddable":true,"href":"https:\/\/www.psib-psoe.org\/mallorca\/wp-json\/wp\/v2\/media\/26951"}],"wp:attachment":[{"href":"https:\/\/www.psib-psoe.org\/mallorca\/wp-json\/wp\/v2\/media?parent=26950"}],"wp:term":[{"taxonomy":"category","embeddable":true,"href":"https:\/\/www.psib-psoe.org\/mallorca\/wp-json\/wp\/v2\/categories?post=26950"},{"taxonomy":"post_tag","embeddable":true,"href":"https:\/\/www.psib-psoe.org\/mallorca\/wp-json\/wp\/v2\/tags?post=26950"}],"curies":[{"name":"wp","href":"https:\/\/api.w.org\/{rel}","templated":true}]}}