{"id":26958,"date":"2022-09-02T16:30:28","date_gmt":"2022-09-02T14:30:28","guid":{"rendered":"https:\/\/www.psib-psoe.org\/mallorca\/?p=26958"},"modified":"2022-09-02T16:30:28","modified_gmt":"2022-09-02T14:30:28","slug":"el-psib-psoe-destaca-les-mesures-dels-governs-progressistes-que-en-un-moment-de-gran-incertesa-pensen-en-les-families-i-la-classe-treballadora","status":"publish","type":"post","link":"https:\/\/www.psib-psoe.org\/mallorca\/el-psib-psoe-destaca-les-mesures-dels-governs-progressistes-que-en-un-moment-de-gran-incertesa-pensen-en-les-families-i-la-classe-treballadora\/","title":{"rendered":"El PSIB-PSOE destaca les mesures dels governs progressistes que, en un moment de gran incertesa, \u201cpensen en les fam\u00edlies i la classe treballadora\u201d"},"content":{"rendered":"<div class=\"row wpb_row row-fluid img_noticia\">\n<div class=\"wpb_column columns small-12 medium-12 thb-dark-column\">\n<div class=\"vc_column-inner  \">\n<div class=\"wpb_wrapper\">\n<div class=\"wpb_single_image wpb_content_element vc_align_center  vc_custom_1662121582746\">\n<figure class=\"wpb_wrapper vc_figure\">\n<div class=\"vc_single_image-wrapper   vc_box_border_grey\"><img loading=\"lazy\" decoding=\"async\" width=\"1460\" height=\"1095\" src=\"https:\/\/www.psib-psoe.org\/wp-content\/uploads\/dd47abc8-63bb-4fce-b229-f5371a336afb.jpeg\" class=\"vc_single_image-img attachment-full\" alt=\"\" \/><\/div>\n<\/figure><\/div>\n<\/div>\n<\/div>\n<\/div>\n<\/div>\n<div class=\"row wpb_row row-fluid\">\n<div class=\"wpb_column columns small-12 medium-4 thb-dark-column\">\n<div class=\"vc_column-inner  \">\n<div class=\"wpb_wrapper\">\n<div class=\"wpb_raw_code wpb_content_element wpb_raw_html\">\n<div class=\"wpb_wrapper\"><\/div><\/div>\n<\/div>\n<\/div>\n<\/div>\n<div class=\"wpb_column columns small-12 medium-4 thb-dark-column\">\n<div class=\"vc_column-inner  \">\n<div class=\"wpb_wrapper\">\n<div class=\"wpb_raw_code wpb_content_element wpb_raw_html\">\n<div class=\"wpb_wrapper\"><\/div><\/div>\n<\/div>\n<\/div>\n<\/div>\n<div class=\"wpb_column columns small-12 medium-4 thb-dark-column\">\n<div class=\"vc_column-inner  \">\n<div class=\"wpb_wrapper\">\n<div class=\"wpb_raw_code wpb_content_element wpb_raw_html\">\n<div class=\"wpb_wrapper\"><\/div><\/div>\n<\/div>\n<\/div>\n<\/div>\n<\/div>\n<div class=\"row wpb_row row-fluid intro full-width-row vc_custom_1558336094678\">\n<div class=\"col_izq wpb_column columns small-12 medium-12 thb-dark-column\">\n<div class=\"vc_column-inner  \">\n<div class=\"wpb_wrapper\">\n<div class=\"wpb_text_column wpb_content_element  \">\n<div class=\"wpb_wrapper\">\n<p><em><u>Els Socialistes de les Illes Balears destaquen que \u201cla gent pot tenir clar que t\u00e9 al darrere uns governs que es preocupen pel seu benestar i que prendran totes les mesures que siguin necess\u00e0ries\u201d<\/u><\/em><\/p>\n<\/p><\/div><\/div>\n<\/div>\n<\/div>\n<\/div>\n<\/div>\n<div class=\"row wpb_row row-fluid full-width-row\">\n<div class=\"col_izq wpb_column columns small-12 medium-6 thb-dark-column\">\n<div class=\"vc_column-inner  \">\n<div class=\"wpb_wrapper\">\n<div class=\"wpb_text_column wpb_content_element  \">\n<div class=\"wpb_wrapper\">\n<p>El PSIB-PSOE ha valorat molt positivament les mesures desplegades pels governs progressistes d\u2019Espanya, liderat per Pedro S\u00e1nchez, i de les Illes Balears, liderat per Francina Armengol, per fer front a les conseq\u00fc\u00e8ncies de la guerra a Ucra\u00efna i que estan provocant un increment de la inflaci\u00f3 que es tradueix en greus complicacions per a les persones m\u00e9s vulnerables, les classes treballadores, les petites i mitjanes empreses i els aut\u00f2noms.<\/p>\n<p>Aix\u00ed, el secretari d\u2019Organitzaci\u00f3 del PSIB-PSOE i senador per Mallorca, Cosme Bonet, ha recordat que \u201cen un context internacional molt complicat en qu\u00e8 es genera una gran incertesa sobre l\u2019economia a tot Europa\u201d \u00e9s de ressaltar el fet de poder comptar \u201camb uns governs que estan enfocant tota la feina a donar respostes a la gent, pensant en les fam\u00edlies, els treballadors, les empreses i els aut\u00f2noms\u201d.<\/p>\n<p>Un seguit de mesures, ha real\u00e7at el socialista, que han de permetre \u201cque puguem afrontar aquesta tardor d\u2019incertesa en les millors condicions possibles\u201d. \u201cLa gent ha de tenir clar que t\u00e9 al darrere uns governs que es preocupen pel seu benestar i que prendran totes les mesures que siguin necess\u00e0ries\u201d, ha posat de relleu.<\/p>\n<p>Per la seva banda, el secretari de Ciutat, \u00c0rea Metropolitana i Mobilitat Sostenible de la Federaci\u00f3 Socialista de Mallorca, \u00d3scar Cereijo, ha remarcat espec\u00edficament les mesures dels dos governs progressistes per abaratir el preu del transport p\u00fablic i facilitar a les fam\u00edlies la mobilitat.<\/p>\n<\/p><\/div><\/div>\n<\/div>\n<\/div>\n<\/div>\n<div class=\"col_dcha wpb_column columns small-12 medium-6 thb-dark-column\">\n<div class=\"vc_column-inner  \">\n<div class=\"wpb_wrapper\">\n<div class=\"wpb_text_column wpb_content_element  \">\n<div class=\"wpb_wrapper\">\n<p>\u201cAquestes mesures ajudaran les fam\u00edlies, m\u00e9s de 350.000 usuaris a totes les Illes Balears, a arribar millor a final de mes i a combatre els efectes de la inflaci\u00f3, amb estalvis de fins a 240 euros\u201d, ha emfasitzat el socialista.<\/p>\n<p>Cereijo, a m\u00e9s del considerable estalvi econ\u00f2mic que suposar\u00e0 aquesta mesura, no nom\u00e9s per la reducci\u00f3 del preu dels bitllets sin\u00f3 tamb\u00e9 per l\u2019estalvi en combustibles, ha remarcat que es tracta \u201cd\u2019una oportunitat perqu\u00e8 milers de persones deixin aparcat el cotxe i agafin el transport p\u00fablic, molt m\u00e9s sostenible\u201d.<\/p>\n<p>Finalment, el secretari general de les Joventuts Socialistes de les Illes Balears, Ares Fern\u00e1ndez, ha qualificat les mesures aprovades com a \u201cimprescindibles i una mostra m\u00e9s del comprom\u00eds dels governs progressistes per millorar les condicions de vida de les persones joves\u201d.<\/p>\n<p>\u201cL\u2019empenta dels governs d\u2019Espanya i de les Illes Balears cap als joves queda palesa amb pol\u00edtiques com l\u2019aprovaci\u00f3 de la llei auton\u00f2mica de la joventut, el bo de lloguer jove, la pujada del salari m\u00ednim, la davallada de les taxes universit\u00e0ries o la reforma laboral, que ens est\u00e0 atorgant l\u2019estabilitat que tant mereixem\u201d, ha concl\u00f2s Fern\u00e1ndez.<\/p>\n<\/p><\/div><\/div>\n<\/div>\n<\/div>\n<\/div>\n<\/div>\n<p>Source: Actualitat Fedaraci\u00f3 Mallorca<\/p>\n","protected":false},"excerpt":{"rendered":"<p>Els Socialistes de les Illes Balears destaquen que \u201cla gent pot tenir clar que t\u00e9 al darrere uns governs que es preocupen pel seu benestar i que prendran totes les mesures que siguin necess\u00e0ries\u201d El PSIB-PSOE ha valorat molt positivament les mesures desplegades pels governs progressistes d\u2019Espanya, liderat per Pedro S\u00e1nchez, i de les Illes&hellip;<\/p>\n","protected":false},"author":1,"featured_media":26959,"comment_status":"false","ping_status":"open","sticky":false,"template":"","format":"standard","meta":{"footnotes":""},"categories":[2],"tags":[77],"class_list":["post-26958","post","type-post","status-publish","format-standard","has-post-thumbnail","hentry","category-federacio-de-mallorca","tag-federacio-socialista-de-mallorca"],"_links":{"self":[{"href":"https:\/\/www.psib-psoe.org\/mallorca\/wp-json\/wp\/v2\/posts\/26958"}],"collection":[{"href":"https:\/\/www.psib-psoe.org\/mallorca\/wp-json\/wp\/v2\/posts"}],"about":[{"href":"https:\/\/www.psib-psoe.org\/mallorca\/wp-json\/wp\/v2\/types\/post"}],"author":[{"embeddable":true,"href":"https:\/\/www.psib-psoe.org\/mallorca\/wp-json\/wp\/v2\/users\/1"}],"replies":[{"embeddable":true,"href":"https:\/\/www.psib-psoe.org\/mallorca\/wp-json\/wp\/v2\/comments?post=26958"}],"version-history":[{"count":0,"href":"https:\/\/www.psib-psoe.org\/mallorca\/wp-json\/wp\/v2\/posts\/26958\/revisions"}],"wp:featuredmedia":[{"embeddable":true,"href":"https:\/\/www.psib-psoe.org\/mallorca\/wp-json\/wp\/v2\/media\/26959"}],"wp:attachment":[{"href":"https:\/\/www.psib-psoe.org\/mallorca\/wp-json\/wp\/v2\/media?parent=26958"}],"wp:term":[{"taxonomy":"category","embeddable":true,"href":"https:\/\/www.psib-psoe.org\/mallorca\/wp-json\/wp\/v2\/categories?post=26958"},{"taxonomy":"post_tag","embeddable":true,"href":"https:\/\/www.psib-psoe.org\/mallorca\/wp-json\/wp\/v2\/tags?post=26958"}],"curies":[{"name":"wp","href":"https:\/\/api.w.org\/{rel}","templated":true}]}}