{"id":26995,"date":"2022-09-16T13:08:08","date_gmt":"2022-09-16T11:08:08","guid":{"rendered":"http:\/\/www.psib-psoe.org\/mallorca\/?p=26995"},"modified":"2022-09-16T13:08:08","modified_gmt":"2022-09-16T11:08:08","slug":"andreu-alcover-el-pp-ha-demostrat-no-estar-al-costat-del-reial-mallorca-i-latletic-balears-votant-en-contra-de-les-ajudes-a-les-dues-entitats-esportives","status":"publish","type":"post","link":"https:\/\/www.psib-psoe.org\/mallorca\/andreu-alcover-el-pp-ha-demostrat-no-estar-al-costat-del-reial-mallorca-i-latletic-balears-votant-en-contra-de-les-ajudes-a-les-dues-entitats-esportives\/","title":{"rendered":"Andreu Alcover: \u201cEl PP ha demostrat no estar al costat del Reial Mallorca i l\u2019Atl\u00e8tic Balears votant en contra de les ajudes a les dues entitats esportives\u201d"},"content":{"rendered":"<div class=\"wpb-content-wrapper\">[vc_row][vc_column][vc_single_image image=&#8221;26996&#8243; img_size=&#8221;full&#8221; alignment=&#8221;center&#8221;][\/vc_column][\/vc_row][vc_row][vc_column][vc_column_text]<em><u>Els socialistes de Mallorca s\u2019han mostrat satisfets despr\u00e9s de la comissi\u00f3 informativa d\u2019aquest divendres on s\u2019ha reafirmat que els acords de patrocini a les diferents entitats esportives sortiran endavant<\/u><\/em>[\/vc_column_text][\/vc_column][\/vc_row][vc_row][vc_column width=&#8221;1\/2&#8243;][vc_column_text]Els socialistes de Mallorca s\u2019han mostrat satisfets despr\u00e9s de la comissi\u00f3 informativa celebrada aquests divendres per reafirmar que les modificacions de cr\u00e8dit que permetran la tramitaci\u00f3 del patrocini a diferents entitats esportives de Mallorca sortiran endavant al plenari que es celebrar\u00e0 el pr\u00f2xim dimarts.[\/vc_column_text][\/vc_column][vc_column width=&#8221;1\/2&#8243;][vc_column_text]El portaveu socialista al Consell de Mallorca, Andreu Alcover, s\u2019ha mostrat sorpr\u00e8s amb el vot en contra del Partit Popular al patrocini al Real Mallorca i l\u2019Atl\u00e8tic Balears. \u201cNo ens explicam el vot en contra del Partit Popular. El PP ha demostrat no estar al costat del Reial Mallorca i l\u2019Atl\u00e8tic Balears votant en contra de les ajudes a les dues entitats esportives\u201d.[\/vc_column_text][\/vc_column][\/vc_row]\n<\/div>","protected":false},"excerpt":{"rendered":"<p>[vc_row][vc_column][vc_single_image image=&#8221;26996&#8243; img_size=&#8221;full&#8221; alignment=&#8221;center&#8221;][\/vc_column][\/vc_row][vc_row][vc_column][vc_column_text]Els socialistes de Mallorca s\u2019han mostrat satisfets despr\u00e9s de la comissi\u00f3 informativa d\u2019aquest divendres on s\u2019ha reafirmat que els acords de patrocini a les diferents entitats esportives sortiran endavant[\/vc_column_text][\/vc_column][\/vc_row][vc_row][vc_column width=&#8221;1\/2&#8243;][vc_column_text]Els socialistes de Mallorca s\u2019han mostrat satisfets despr\u00e9s de la comissi\u00f3 informativa celebrada aquests divendres per reafirmar que les modificacions de cr\u00e8dit que&hellip;<\/p>\n","protected":false},"author":6,"featured_media":26996,"comment_status":"open","ping_status":"open","sticky":false,"template":"","format":"standard","meta":{"footnotes":""},"categories":[89,92],"tags":[86,376,377,83,84,375,374],"class_list":["post-26995","post","type-post","status-publish","format-standard","has-post-thumbnail","hentry","category-consell-de-mallorca","category-portada","tag-andreu-alcover","tag-atb","tag-atletico-baleares","tag-consell-de-mallorca","tag-psib-psoe","tag-rcdm","tag-real-mallorca"],"_links":{"self":[{"href":"https:\/\/www.psib-psoe.org\/mallorca\/wp-json\/wp\/v2\/posts\/26995"}],"collection":[{"href":"https:\/\/www.psib-psoe.org\/mallorca\/wp-json\/wp\/v2\/posts"}],"about":[{"href":"https:\/\/www.psib-psoe.org\/mallorca\/wp-json\/wp\/v2\/types\/post"}],"author":[{"embeddable":true,"href":"https:\/\/www.psib-psoe.org\/mallorca\/wp-json\/wp\/v2\/users\/6"}],"replies":[{"embeddable":true,"href":"https:\/\/www.psib-psoe.org\/mallorca\/wp-json\/wp\/v2\/comments?post=26995"}],"version-history":[{"count":0,"href":"https:\/\/www.psib-psoe.org\/mallorca\/wp-json\/wp\/v2\/posts\/26995\/revisions"}],"wp:featuredmedia":[{"embeddable":true,"href":"https:\/\/www.psib-psoe.org\/mallorca\/wp-json\/wp\/v2\/media\/26996"}],"wp:attachment":[{"href":"https:\/\/www.psib-psoe.org\/mallorca\/wp-json\/wp\/v2\/media?parent=26995"}],"wp:term":[{"taxonomy":"category","embeddable":true,"href":"https:\/\/www.psib-psoe.org\/mallorca\/wp-json\/wp\/v2\/categories?post=26995"},{"taxonomy":"post_tag","embeddable":true,"href":"https:\/\/www.psib-psoe.org\/mallorca\/wp-json\/wp\/v2\/tags?post=26995"}],"curies":[{"name":"wp","href":"https:\/\/api.w.org\/{rel}","templated":true}]}}