{"id":27009,"date":"2022-09-26T18:52:57","date_gmt":"2022-09-26T16:52:57","guid":{"rendered":"http:\/\/www.psib-psoe.org\/mallorca\/?p=27009"},"modified":"2022-09-26T18:52:57","modified_gmt":"2022-09-26T16:52:57","slug":"jsib-reivindiquen-salut-mental-politica-juvenil-prioritaria-govern","status":"publish","type":"post","link":"https:\/\/www.psib-psoe.org\/mallorca\/jsib-reivindiquen-salut-mental-politica-juvenil-prioritaria-govern\/","title":{"rendered":"Les Joventuts Socialistes de les Illes Balears (JSIB) reivindiquen la salut mental com a pol\u00edtica juvenil priorit\u00e0ria en l\u2019acci\u00f3 de govern"},"content":{"rendered":"<div class=\"wpb-content-wrapper\">[vc_row][vc_column width=&#8221;1\/2&#8243;][vc_single_image image=&#8221;27010&#8243; img_size=&#8221;full&#8221; alignment=&#8221;center&#8221;][\/vc_column][vc_column width=&#8221;1\/2&#8243;][vc_single_image image=&#8221;27011&#8243; img_size=&#8221;full&#8221; alignment=&#8221;center&#8221;][\/vc_column][\/vc_row][vc_row][vc_column][vc_column_text]<em><u>L\u2019organitzaci\u00f3 juvenil socialista ha organitzat un acte centrat en la salut mental i la prevenci\u00f3 del su\u00efcidi en el qual tamb\u00e9 ha participat la presidenta dels Socialistes de Mallorca i consellera de Salut i Consum, Patr\u00edcia G\u00f3mez<\/u><\/em>[\/vc_column_text][vc_empty_space][vc_column_text]Les Joventuts Socialistes de les Illes Balears (JSIB) han celebrat un acte p\u00fablic per debatre sobre la rellev\u00e0ncia que tenen en la joventut les pol\u00edtiques dirigides a promoure la salut mental i la prevenci\u00f3 del su\u00efcidi.<\/p>\n<p>A m\u00e9s de comptar amb expertes del sector, l\u2019acte s\u2019ha desenvolupat en el marc d\u2019un nou grup de treball de salut mental que l\u2019organitzaci\u00f3 ha constitu\u00eft per analitzar i elaborar propostes i mesures que conformaran el futur programa jove de les eleccions de maig de 2023.<\/p>\n<p>La presidenta de la Federaci\u00f3 Socialista de Mallorca i consellera de Salut i Consum del Govern de les Illes Balears, Patr\u00edcia G\u00f3mez, ha presentat aquest acte, en el qual ha agra\u00eft als joves que hi han participat \u201cque parlin amb molta llibertat, amb confian\u00e7a i amb una mirada molt constructiva\u201d sobre els temes que m\u00e9s preocupen la seva generaci\u00f3, especialment la salut mental i el benestar emocional.<\/p>\n<p>G\u00f3mez ha recollit les seves propostes i els ha explicat les mesures posades en marxa pel Govern, ja que \u201cla millora de la salut mental i el benestar emocional \u00e9s un objectiu molt prioritari per al Govern\u201d, alhora que ha destacat que \u201cestic segura que formar\u00e0 una part molt important dels programes electorals\u201d.<\/p>\n<p>Per la seva banda, el secretari general de JSIB i diputat al Parlament, Ares Fern\u00e1ndez, ha destacat que \u201cuna de les conseq\u00fc\u00e8ncies m\u00e9s evidents de la pand\u00e8mia ha estat l\u2019aflorament dels problemes de salut mental que patim els i les joves\u201d. Fern\u00e1ndez ha afegit que \u201cdes de les institucions s\u2019ha de continuar treballant amb m\u00e9s empenta per garantir el benestar emocional davant la incertesa constant que pateixen les persones m\u00e9s vulnerables\u201d.<\/p>\n<p>Finalment, Fern\u00e1ndez ha afirmat que \u201cdavant les esgarrifoses dades de su\u00efcidi juvenil que s\u2019han donat recentment cal recordar que la conscienciaci\u00f3 i la desestigmatitzaci\u00f3 de la salut mental poden salvar vides\u201d.[\/vc_column_text][\/vc_column][\/vc_row]\n<\/div>","protected":false},"excerpt":{"rendered":"<p>[vc_row][vc_column width=&#8221;1\/2&#8243;][vc_single_image image=&#8221;27010&#8243; img_size=&#8221;full&#8221; alignment=&#8221;center&#8221;][\/vc_column][vc_column width=&#8221;1\/2&#8243;][vc_single_image image=&#8221;27011&#8243; img_size=&#8221;full&#8221; alignment=&#8221;center&#8221;][\/vc_column][\/vc_row][vc_row][vc_column][vc_column_text]L\u2019organitzaci\u00f3 juvenil socialista ha organitzat un acte centrat en la salut mental i la prevenci\u00f3 del su\u00efcidi en el qual tamb\u00e9 ha participat la presidenta dels Socialistes de Mallorca i consellera de Salut i Consum, Patr\u00edcia G\u00f3mez[\/vc_column_text][vc_empty_space][vc_column_text]Les Joventuts Socialistes de les Illes Balears (JSIB) han celebrat un&hellip;<\/p>\n","protected":false},"author":3,"featured_media":0,"comment_status":"open","ping_status":"open","sticky":false,"template":"","format":"standard","meta":{"footnotes":""},"categories":[2],"tags":[380,358,236,379],"class_list":["post-27009","post","type-post","status-publish","format-standard","hentry","category-federacio-de-mallorca","tag-benestar-emocional","tag-jsib","tag-patricia-gomez","tag-salut-mental"],"_links":{"self":[{"href":"https:\/\/www.psib-psoe.org\/mallorca\/wp-json\/wp\/v2\/posts\/27009"}],"collection":[{"href":"https:\/\/www.psib-psoe.org\/mallorca\/wp-json\/wp\/v2\/posts"}],"about":[{"href":"https:\/\/www.psib-psoe.org\/mallorca\/wp-json\/wp\/v2\/types\/post"}],"author":[{"embeddable":true,"href":"https:\/\/www.psib-psoe.org\/mallorca\/wp-json\/wp\/v2\/users\/3"}],"replies":[{"embeddable":true,"href":"https:\/\/www.psib-psoe.org\/mallorca\/wp-json\/wp\/v2\/comments?post=27009"}],"version-history":[{"count":0,"href":"https:\/\/www.psib-psoe.org\/mallorca\/wp-json\/wp\/v2\/posts\/27009\/revisions"}],"wp:attachment":[{"href":"https:\/\/www.psib-psoe.org\/mallorca\/wp-json\/wp\/v2\/media?parent=27009"}],"wp:term":[{"taxonomy":"category","embeddable":true,"href":"https:\/\/www.psib-psoe.org\/mallorca\/wp-json\/wp\/v2\/categories?post=27009"},{"taxonomy":"post_tag","embeddable":true,"href":"https:\/\/www.psib-psoe.org\/mallorca\/wp-json\/wp\/v2\/tags?post=27009"}],"curies":[{"name":"wp","href":"https:\/\/api.w.org\/{rel}","templated":true}]}}