{"id":27033,"date":"2022-10-06T17:50:45","date_gmt":"2022-10-06T15:50:45","guid":{"rendered":"http:\/\/www.psib-psoe.org\/mallorca\/?p=27033"},"modified":"2022-10-06T17:50:45","modified_gmt":"2022-10-06T15:50:45","slug":"els-socialistes-dalaro-valoren-positivament-la-modificacio-de-credit-que-permetra-la-compra-de-la-finca-del-castell-dalaro-per-part-del-consell-de-mallorca","status":"publish","type":"post","link":"https:\/\/www.psib-psoe.org\/mallorca\/els-socialistes-dalaro-valoren-positivament-la-modificacio-de-credit-que-permetra-la-compra-de-la-finca-del-castell-dalaro-per-part-del-consell-de-mallorca\/","title":{"rendered":"Els socialistes d\u2019Alar\u00f3 valoren positivament la modificaci\u00f3 de cr\u00e8dit que permetr\u00e0 la compra de la finca del Castell d\u2019Alar\u00f3 per part del Consell de Mallorca"},"content":{"rendered":"<div class=\"wpb-content-wrapper\">[vc_row][vc_column][vc_single_image image=&#8221;27036&#8243; img_size=&#8221;full&#8221; alignment=&#8221;center&#8221;][\/vc_column][\/vc_row][vc_row][vc_column][vc_column_text]<em><u>Aina Munar: \u201cDes de l\u2019Agrupaci\u00f3 Socialista d\u2019Alar\u00f3 estam molt satisfets i sempre hem confiat en la gesti\u00f3 que\u00a0 s\u2019ha fet des del Consell de Mallorca\u201d<\/u><\/em>[\/vc_column_text][\/vc_column][\/vc_row][vc_row][vc_column width=&#8221;1\/2&#8243;][vc_column_text]Els socialistes d\u2019Alar\u00f3 s\u2019han mostrat molt satisfets amb l\u2019aprovaci\u00f3 al Ple Extraordinari del Consell de Mallorca d\u2019una modificaci\u00f3 de cr\u00e8dit que permetr\u00e0 la compra de la finca del Castell d\u2019Alar\u00f3. Al Plenari hi ha assistit la secret\u00e0ria general de l\u2019Agrupaci\u00f3 Socialista d\u2019Alar\u00f3, Aina Munar.<\/p>\n<p>Munar ha destacat que \u201cestam molt satisfets i sempre hem confiat en la gesti\u00f3 que s\u2019est\u00e0 fent i s\u2019ha fet des del Consell de Mallorca amb aquest tema. S\u2019ha fet molta feina per intentar solucionar tots els problemes que s\u2019han trobat. La consellera de territori, del PSIB-PSOE, Maria Ant\u00f2nia Garcias, ha fet una gran labor\u201d.[\/vc_column_text][\/vc_column][vc_column width=&#8221;1\/2&#8243;][vc_column_text]La secret\u00e0ria general dels socialistes d\u2019Alar\u00f3 ha afegit que \u201cens ha sorpr\u00e8s l\u2019actitud del portaveu del Partit Popular al Consell de Mallorca, Lloren\u00e7 Galm\u00e9s, durant la seva intervenci\u00f3 al Plenari. \u00c9s el moment de fer feina tots plegats i no posar pals a les rodes a totes les passes que s\u2019estan fent des del Consell de Mallorca\u201d.[\/vc_column_text][\/vc_column][\/vc_row]\n<\/div>","protected":false},"excerpt":{"rendered":"<p>[vc_row][vc_column][vc_single_image image=&#8221;27036&#8243; img_size=&#8221;full&#8221; alignment=&#8221;center&#8221;][\/vc_column][\/vc_row][vc_row][vc_column][vc_column_text]Aina Munar: \u201cDes de l\u2019Agrupaci\u00f3 Socialista d\u2019Alar\u00f3 estam molt satisfets i sempre hem confiat en la gesti\u00f3 que\u00a0 s\u2019ha fet des del Consell de Mallorca\u201d[\/vc_column_text][\/vc_column][\/vc_row][vc_row][vc_column width=&#8221;1\/2&#8243;][vc_column_text]Els socialistes d\u2019Alar\u00f3 s\u2019han mostrat molt satisfets amb l\u2019aprovaci\u00f3 al Ple Extraordinari del Consell de Mallorca d\u2019una modificaci\u00f3 de cr\u00e8dit que permetr\u00e0 la compra de la finca&hellip;<\/p>\n","protected":false},"author":6,"featured_media":27036,"comment_status":"open","ping_status":"open","sticky":false,"template":"","format":"standard","meta":{"footnotes":""},"categories":[89,90,92],"tags":[260,258,83,381,84],"class_list":["post-27033","post","type-post","status-publish","format-standard","has-post-thumbnail","hentry","category-consell-de-mallorca","category-municipis","category-portada","tag-aina-munar","tag-alaro","tag-consell-de-mallorca","tag-maria-antonia-garcias","tag-psib-psoe"],"_links":{"self":[{"href":"https:\/\/www.psib-psoe.org\/mallorca\/wp-json\/wp\/v2\/posts\/27033"}],"collection":[{"href":"https:\/\/www.psib-psoe.org\/mallorca\/wp-json\/wp\/v2\/posts"}],"about":[{"href":"https:\/\/www.psib-psoe.org\/mallorca\/wp-json\/wp\/v2\/types\/post"}],"author":[{"embeddable":true,"href":"https:\/\/www.psib-psoe.org\/mallorca\/wp-json\/wp\/v2\/users\/6"}],"replies":[{"embeddable":true,"href":"https:\/\/www.psib-psoe.org\/mallorca\/wp-json\/wp\/v2\/comments?post=27033"}],"version-history":[{"count":0,"href":"https:\/\/www.psib-psoe.org\/mallorca\/wp-json\/wp\/v2\/posts\/27033\/revisions"}],"wp:featuredmedia":[{"embeddable":true,"href":"https:\/\/www.psib-psoe.org\/mallorca\/wp-json\/wp\/v2\/media\/27036"}],"wp:attachment":[{"href":"https:\/\/www.psib-psoe.org\/mallorca\/wp-json\/wp\/v2\/media?parent=27033"}],"wp:term":[{"taxonomy":"category","embeddable":true,"href":"https:\/\/www.psib-psoe.org\/mallorca\/wp-json\/wp\/v2\/categories?post=27033"},{"taxonomy":"post_tag","embeddable":true,"href":"https:\/\/www.psib-psoe.org\/mallorca\/wp-json\/wp\/v2\/tags?post=27033"}],"curies":[{"name":"wp","href":"https:\/\/api.w.org\/{rel}","templated":true}]}}