{"id":27047,"date":"2022-10-14T10:16:50","date_gmt":"2022-10-14T08:16:50","guid":{"rendered":"http:\/\/www.psib-psoe.org\/mallorca\/?p=27047"},"modified":"2022-10-14T10:16:50","modified_gmt":"2022-10-14T08:16:50","slug":"lagrupacio-socialista-dandratx-recupera-la-historica-revista-punt-de-vista","status":"publish","type":"post","link":"https:\/\/www.psib-psoe.org\/mallorca\/lagrupacio-socialista-dandratx-recupera-la-historica-revista-punt-de-vista\/","title":{"rendered":"L\u2019Agrupaci\u00f3 Socialista d\u2019Andratx recupera la hist\u00f2rica revista \u2018Punt de Vista\u201d"},"content":{"rendered":"<div class=\"wpb-content-wrapper\">[vc_row][vc_column][vc_single_image image=&#8221;27048&#8243; img_size=&#8221;full&#8221; alignment=&#8221;center&#8221;][\/vc_column][\/vc_row][vc_row][vc_column][vc_column_text]\n<p style=\"font-weight: 400;\"><em><u>Toni Bordoy: \u201c\u00c9s important fer arribar la feina i les propostes que els i les socialistes feim a Andratx, Mallorca i Balears d\u2019una manera vera\u00e7 i allunyada dels rumors i les pol\u00e8miques de la dreta\u201d<\/u><\/em><\/p>\n[\/vc_column_text][\/vc_column][\/vc_row][vc_row][vc_column width=&#8221;1\/2&#8243;][vc_column_text]\n<p style=\"font-weight: 400;\">L\u2019Agrupaci\u00f3 Socialista d\u2019Andratx ha recuperat la hist\u00f2rica revista socialista \u2018Punt de Vista\u2019 que tornar\u00e0 a circular per Andratx despr\u00e9s de m\u00e9s de 10 anys. La revista que va posar en funcionament militants hist\u00f2rics com Jose \u00c1ngel Prieto o Epi M\u00e9ndez, entre altres, ha estat presentada a l\u2019assemblea davant la milit\u00e0ncia i els simpatitzants socialistes d\u2019Andratx.<\/p>\n<p style=\"font-weight: 400;\">El Secretari General dels Socialistes d\u2019Andratx, Toni Bordoy, ha explicat que \u201cel retorn de \u2018Punt de Vista\u2019 \u00e9s una oportunitat per dirigir-se a la ciutadania d\u2019Andratx, ja que \u00e9s important fer arribar la feina i les propostes que els i les socialistes feim a Andratx, Mallorca i Balears d\u2019una manera vera\u00e7 i allunyada dels rumors i les pol\u00e8miques de la dreta\u201d.<\/p>\n<p style=\"font-weight: 400;\">A m\u00e9s a m\u00e9s, Bordoy ha destacat que \u201cen moments on el populisme i la polaritzaci\u00f3 \u00e9s m\u00e9s clara que mai, els i les socialistes consideram que hem de traslladar la informaci\u00f3 a la ciutadania amb responsabilitat\u201d, i hi ha afegit que \u201caix\u00ed podrem arribar m\u00e9s f\u00e0cilment als nostres ve\u00efnats i ve\u00efnades, i no apostar \u00fanicament per les noves tecnologies i les xarxes socials\u201d.<\/p>\n<p style=\"font-weight: 400;\">Tamb\u00e9, el president de l\u2019Agrupaci\u00f3 i portaveu del Grup Municipal Socialista, Toni Mir, ha assegurat que \u201creprendre el projecte d\u2019aquesta revista \u00e9s essencial i reconeix la feina de dirigents hist\u00f2rics del partit\u201d. \u201cLa revista va n\u00e9ixer amb la vocaci\u00f3 que qualsevol andritxol i andritxola tinguessin un lloc on poder veure que pensaven els socialistes i anys despr\u00e9s, tenim la mateixa oportunitat\u201d, ha exposat Mir a la milit\u00e0ncia.<\/p>\n[\/vc_column_text][\/vc_column][vc_column width=&#8221;1\/2&#8243;][vc_column_text]\n<p style=\"font-weight: 400;\">Mir ha incidit que \u201caquest mitj\u00e0 de comunicaci\u00f3 es repr\u00e8n amb la idea d\u2019explicar la nostra labor a l\u2019Ajuntament d\u2019Andratx i a l\u2019oposici\u00f3, qu\u00e8 \u00e9s el que passa al nostre municipi i informar de la gesti\u00f3 que fa l\u2019actual equip de govern a l\u2019Ajuntament, al m\u00e9s pur estil Ayuso\u201d.<\/p>\n<p style=\"font-weight: 400;\">El primer n\u00famero comptar\u00e0 amb l\u2019explicaci\u00f3 de l\u2019acord de les dretes per la moci\u00f3 de censura, les propostes fetes els darrers mesos, articles d\u2019opini\u00f3 sobre l\u2019estat de la policia local o de la mesura d\u2019ajudar a les fam\u00edlies amb infants 0-3 anys. A m\u00e9s, tindr\u00e0 un apartat de \u2018xiuxiuejos\u2019 amb les curiositats m\u00e9s destacades del municipi.<\/p>\n<p style=\"font-weight: 400;\">Finalment, des de l\u2019Agrupaci\u00f3 Socialista d\u2019Andratx han convidat a tothom qui vulgui participar en la revista \u2018Punt de Vista\u2019 perqu\u00e8 sigui un \u201cprojecte din\u00e0mic\u201d a trav\u00e9s del correu: <a href=\"mailto:psoeandratx@gmail.com\">psoeandratx@gmail.com<\/a> o, presencialment, a l\u2019Agrupaci\u00f3 cada dijous al carrer Escultor Nofre Alemany, 17, a Andratx.<\/p>\n[\/vc_column_text][\/vc_column][\/vc_row][vc_row][vc_column][vc_empty_space height=&#8221;50px&#8221;][vc_column_text]\n<h3 style=\"color: #e30613;\"><span class=\"bold\">Recursos addicionals<\/span><\/h3>\n[\/vc_column_text][vc_separator color=&#8221;custom&#8221; align=&#8221;align_left&#8221; border_width=&#8221;3&#8243; el_width=&#8221;10&#8243; accent_color=&#8221;#e30613&#8243;][vc_empty_space height=&#8221;50px&#8221;][vc_column_text]<a href=\"http:\/\/www.psib-psoe.org\/mallorca\/wp-content\/uploads\/PUNT_DE_VISTA.pdf\">PUNT_DE_VISTA<\/a>[\/vc_column_text][vc_empty_space height=&#8221;50px&#8221;][\/vc_column][\/vc_row]\n<\/div>","protected":false},"excerpt":{"rendered":"<p>[vc_row][vc_column][vc_single_image image=&#8221;27048&#8243; img_size=&#8221;full&#8221; alignment=&#8221;center&#8221;][\/vc_column][\/vc_row][vc_row][vc_column][vc_column_text] Toni Bordoy: \u201c\u00c9s important fer arribar la feina i les propostes que els i les socialistes feim a Andratx, Mallorca i Balears d\u2019una manera vera\u00e7 i allunyada dels rumors i les pol\u00e8miques de la dreta\u201d [\/vc_column_text][\/vc_column][\/vc_row][vc_row][vc_column width=&#8221;1\/2&#8243;][vc_column_text] L\u2019Agrupaci\u00f3 Socialista d\u2019Andratx ha recuperat la hist\u00f2rica revista socialista \u2018Punt de Vista\u2019 que tornar\u00e0&hellip;<\/p>\n","protected":false},"author":4,"featured_media":27048,"comment_status":"open","ping_status":"open","sticky":false,"template":"","format":"standard","meta":{"footnotes":""},"categories":[90,92],"tags":[],"class_list":["post-27047","post","type-post","status-publish","format-standard","has-post-thumbnail","hentry","category-municipis","category-portada"],"_links":{"self":[{"href":"https:\/\/www.psib-psoe.org\/mallorca\/wp-json\/wp\/v2\/posts\/27047"}],"collection":[{"href":"https:\/\/www.psib-psoe.org\/mallorca\/wp-json\/wp\/v2\/posts"}],"about":[{"href":"https:\/\/www.psib-psoe.org\/mallorca\/wp-json\/wp\/v2\/types\/post"}],"author":[{"embeddable":true,"href":"https:\/\/www.psib-psoe.org\/mallorca\/wp-json\/wp\/v2\/users\/4"}],"replies":[{"embeddable":true,"href":"https:\/\/www.psib-psoe.org\/mallorca\/wp-json\/wp\/v2\/comments?post=27047"}],"version-history":[{"count":0,"href":"https:\/\/www.psib-psoe.org\/mallorca\/wp-json\/wp\/v2\/posts\/27047\/revisions"}],"wp:featuredmedia":[{"embeddable":true,"href":"https:\/\/www.psib-psoe.org\/mallorca\/wp-json\/wp\/v2\/media\/27048"}],"wp:attachment":[{"href":"https:\/\/www.psib-psoe.org\/mallorca\/wp-json\/wp\/v2\/media?parent=27047"}],"wp:term":[{"taxonomy":"category","embeddable":true,"href":"https:\/\/www.psib-psoe.org\/mallorca\/wp-json\/wp\/v2\/categories?post=27047"},{"taxonomy":"post_tag","embeddable":true,"href":"https:\/\/www.psib-psoe.org\/mallorca\/wp-json\/wp\/v2\/tags?post=27047"}],"curies":[{"name":"wp","href":"https:\/\/api.w.org\/{rel}","templated":true}]}}