{"id":27065,"date":"2022-10-20T16:15:42","date_gmt":"2022-10-20T14:15:42","guid":{"rendered":"http:\/\/www.psib-psoe.org\/mallorca\/?p=27065"},"modified":"2022-10-20T16:15:42","modified_gmt":"2022-10-20T14:15:42","slug":"els-socialistes-de-mallorca-deixen-clar-un-full-de-ruta-per-continuar-transformant-la-mallorca-del-futur","status":"publish","type":"post","link":"https:\/\/www.psib-psoe.org\/mallorca\/els-socialistes-de-mallorca-deixen-clar-un-full-de-ruta-per-continuar-transformant-la-mallorca-del-futur\/","title":{"rendered":"Els Socialistes de Mallorca deixen clar un full de ruta per \u201ccontinuar transformant la Mallorca del futur\u201d"},"content":{"rendered":"<div class=\"wpb-content-wrapper\">[vc_row][vc_column width=&#8221;1\/2&#8243;][vc_single_image image=&#8221;27066&#8243; img_size=&#8221;full&#8221; alignment=&#8221;center&#8221;][\/vc_column][vc_column width=&#8221;1\/2&#8243;][vc_single_image image=&#8221;27067&#8243; img_size=&#8221;full&#8221; alignment=&#8221;center&#8221;][\/vc_column][\/vc_row][vc_row][vc_column][vc_column_text]\n<p style=\"font-weight: 400;\"><em><u>Andreu Alcover ha expressat que el PP ha fet \u201cuna mostra palpable d\u2019ignor\u00e0ncia de la realitat de la instituci\u00f3 i les necessitats dels ciutadans de Mallorca\u201d, i aix\u00f2 \u201cinvalida al senyor Galm\u00e9s a presidir el Consell\u201d<\/u><\/em><\/p>\n[\/vc_column_text][\/vc_column][\/vc_row][vc_row][vc_column width=&#8221;1\/2&#8243;][vc_column_text]\n<p style=\"font-weight: 400;\">El portaveu del Grup Socialista al Consell de Mallorca, Andreu Alcover, ha expressat, despr\u00e9s del Debat de Pol\u00edtica General de 2022 del Consell de Mallorca, que \u201cel Partit Socialista de Mallorca ha deixat clar un full de ruta per l\u2019illa per continuar transformat la Mallorca del futur\u201d i ha donat suport al nou escut social anunciat per la presidenta del Consell de Mallorca, Catalina Cladera, ja que \u201cajudaran a pal\u00b7liar els efectes de la guerra d\u2019Ucra\u00efna a les persones que m\u00e9s ho necessiten\u201d.<\/p>\n<p style=\"font-weight: 400;\">Unes declaracions que ha fet el portaveu Alcover durant el debat on ha fet un recordatori de totes les grans fites socialistes com la sanitat universal, l\u2019educaci\u00f3 p\u00fablica i concertada, les pensions no contributives, el divorci, l\u2019avortament, el matrimoni igualitari, la llei cremallera, entre altres, ja que \u201cnom\u00e9s quan governam a les institucions els i les socialistes, la societat avan\u00e7a i guanya drets\u201d. Alcover, a m\u00e9s a m\u00e9s, ha ironitzat que \u201cno hi ha cap fita memorable del Partit Popular m\u00e9s enll\u00e0 de la corrupci\u00f3\u201d.<\/p>\n<p style=\"font-weight: 400;\">Tamb\u00e9, el portaveu socialista al Consell ha fet un rep\u00e0s de la gesti\u00f3 que ha fet l\u2019equip de govern i l\u2019ha qualificada \u201cd\u2019exitosa\u201d. Alcover ha destacat la soluci\u00f3 dels plets de Tirme i Pamasa, el Servei d\u2019Atenci\u00f3 Domicili\u00e0ria, les rebaixa de les tarifes de residus o de la ITV, el cobrament de les bestretes del 2020-23, la planificaci\u00f3 de les cinc plantes de compostatge, l\u2019arribada dels fons Next Generation, les ajudes de 150 milions d\u2019euros als municipis, el compliment del 92% dels Acords de Raixa, aconseguir la plena ocupaci\u00f3 despr\u00e9s d\u2019una pand\u00e8mia, el r\u00e8gim fiscal, entre d\u2019altres.<\/p>\n[\/vc_column_text][\/vc_column][vc_column width=&#8221;1\/2&#8243;][vc_column_text]\n<p style=\"font-weight: 400;\">Alcover ha desmentit \u201cuna de les mentides\u201d que repeteix constantment referent a qu\u00e8 \u201cfa 8 anys viv\u00edem millor\u201d; \u201cles dades s\u00f3n tossudes: hem passat de 505.000 afiliats a la Seguretat Social a 606.000, hem passat d\u2019un 9,7% d\u2019atur a un 5,6%, hem passat de 219.000 indefinits a 396.000, hem passat d\u2019una taxa de temporalitat del 40,2% a el 11,7%, hem passat de tenir 41.600 empreses a 45.000, de 90.000 aut\u00f2noms a 100.000, d\u2019un salari m\u00ednim de 735 a 1.000 euros\u201d.<\/p>\n<p style=\"font-weight: 400;\">\u201cL\u2019\u00fanica dada que certifica que vost\u00e8s estan pitjor \u00e9s que estan c\u00f2modament asseguts als escons de l\u2019oposici\u00f3 i que seguiran a l\u2019oposici\u00f3 per molts d\u2019anys\u201d, ha expressat Alcover, qui ha afegit que \u201cel Partit Popular ha fet una mostra palpable de la ignor\u00e0ncia que t\u00e9 de la realitat de la instituci\u00f3 i de les necessitats dels ciutadans i ciutadanes de Mallorca\u201d, i aix\u00f2 \u201cinvalida al senyor Galm\u00e9s a presidir el Consell\u201d, ha concl\u00f2s.<\/p>\n[\/vc_column_text][\/vc_column][\/vc_row]\n<\/div>","protected":false},"excerpt":{"rendered":"<p>[vc_row][vc_column width=&#8221;1\/2&#8243;][vc_single_image image=&#8221;27066&#8243; img_size=&#8221;full&#8221; alignment=&#8221;center&#8221;][\/vc_column][vc_column width=&#8221;1\/2&#8243;][vc_single_image image=&#8221;27067&#8243; img_size=&#8221;full&#8221; alignment=&#8221;center&#8221;][\/vc_column][\/vc_row][vc_row][vc_column][vc_column_text] Andreu Alcover ha expressat que el PP ha fet \u201cuna mostra palpable d\u2019ignor\u00e0ncia de la realitat de la instituci\u00f3 i les necessitats dels ciutadans de Mallorca\u201d, i aix\u00f2 \u201cinvalida al senyor Galm\u00e9s a presidir el Consell\u201d [\/vc_column_text][\/vc_column][\/vc_row][vc_row][vc_column width=&#8221;1\/2&#8243;][vc_column_text] El portaveu del Grup Socialista al Consell de&hellip;<\/p>\n","protected":false},"author":4,"featured_media":27066,"comment_status":"open","ping_status":"open","sticky":false,"template":"","format":"standard","meta":{"footnotes":""},"categories":[89,92],"tags":[],"class_list":["post-27065","post","type-post","status-publish","format-standard","has-post-thumbnail","hentry","category-consell-de-mallorca","category-portada"],"_links":{"self":[{"href":"https:\/\/www.psib-psoe.org\/mallorca\/wp-json\/wp\/v2\/posts\/27065"}],"collection":[{"href":"https:\/\/www.psib-psoe.org\/mallorca\/wp-json\/wp\/v2\/posts"}],"about":[{"href":"https:\/\/www.psib-psoe.org\/mallorca\/wp-json\/wp\/v2\/types\/post"}],"author":[{"embeddable":true,"href":"https:\/\/www.psib-psoe.org\/mallorca\/wp-json\/wp\/v2\/users\/4"}],"replies":[{"embeddable":true,"href":"https:\/\/www.psib-psoe.org\/mallorca\/wp-json\/wp\/v2\/comments?post=27065"}],"version-history":[{"count":0,"href":"https:\/\/www.psib-psoe.org\/mallorca\/wp-json\/wp\/v2\/posts\/27065\/revisions"}],"wp:featuredmedia":[{"embeddable":true,"href":"https:\/\/www.psib-psoe.org\/mallorca\/wp-json\/wp\/v2\/media\/27066"}],"wp:attachment":[{"href":"https:\/\/www.psib-psoe.org\/mallorca\/wp-json\/wp\/v2\/media?parent=27065"}],"wp:term":[{"taxonomy":"category","embeddable":true,"href":"https:\/\/www.psib-psoe.org\/mallorca\/wp-json\/wp\/v2\/categories?post=27065"},{"taxonomy":"post_tag","embeddable":true,"href":"https:\/\/www.psib-psoe.org\/mallorca\/wp-json\/wp\/v2\/tags?post=27065"}],"curies":[{"name":"wp","href":"https:\/\/api.w.org\/{rel}","templated":true}]}}