{"id":27092,"date":"2022-10-28T15:14:34","date_gmt":"2022-10-28T13:14:34","guid":{"rendered":"http:\/\/www.psib-psoe.org\/mallorca\/?p=27092"},"modified":"2022-10-28T15:14:34","modified_gmt":"2022-10-28T13:14:34","slug":"xisco-arrom-tenim-un-bon-equip-amb-ganes-de-fer-feina-per-lloret-i-per-damunt-de-tot-per-a-la-gent-de-lloret","status":"publish","type":"post","link":"https:\/\/www.psib-psoe.org\/mallorca\/xisco-arrom-tenim-un-bon-equip-amb-ganes-de-fer-feina-per-lloret-i-per-damunt-de-tot-per-a-la-gent-de-lloret\/","title":{"rendered":"Xisco Arrom: \u201cTenim un bon equip amb ganes de fer feina per Lloret i, per damunt de tot, per a la gent de Lloret\u201d"},"content":{"rendered":"<div class=\"wpb-content-wrapper\">[vc_row][vc_column][vc_single_image image=&#8221;27093&#8243; img_size=&#8221;full&#8221; alignment=&#8221;center&#8221;][\/vc_column][\/vc_row][vc_row][vc_column][vc_column_text]<em><u>El secretari general de l\u2019Agrupaci\u00f3 Socialista de Lloret ha presentat la seva candidatura a la batlia del poble<\/u><\/em>[\/vc_column_text][\/vc_column][\/vc_row][vc_row][vc_column width=&#8221;1\/2&#8243;][vc_column_text]El secretari general de l\u2019Agrupaci\u00f3 Socialista de Lloret, Xisco Arrom, ha anunciat la seva candidatura a les eleccions municipals del 2023. La secret\u00e0ria general de la Federaci\u00f3 Socialista de Mallorca, Catalina Cladera, ha volgut acompanyar a Arrom en aquest anunci.<\/p>\n<p>El secretari general de l\u2019Agrupaci\u00f3 Socialista de Lloret, Xisco Arrom ha destacat: \u201cpresent la meva candidatura perqu\u00e8 crec amb els valors socialistes. Duran la pand\u00e8mia, el Partit Socialista ha demostrat aquests valors, no deixant a ning\u00fa enrere\u201d. A m\u00e9s, Arrom ha afegit que sent \u201cel suport de l\u2019agrupaci\u00f3 municipal i del partit\u201d.[\/vc_column_text][\/vc_column][vc_column width=&#8221;1\/2&#8243;][vc_column_text]Arrom ha concl\u00f2s que \u201ctenim un bon equip amb ganes de fer feina per Lloret i, per damunt de tot, per a la gent de Lloret. Partirem del di\u00e0leg, el consens i la participaci\u00f3 amb diferents entitats i associacions del poble per preparar una bona candidatura perqu\u00e8 Lloret avanci\u201d.<\/p>\n<p>La secret\u00e0ria general dels socialistes de Mallorca, Catalina Cladera, ha volgut acompanyar a Xisco Arrom en el seu anunci. Cladera ha comentat que \u201csou un gran equip i no tenc cap dubte que en Xisco ser\u00e0 un gran candidat per aconseguir la batlia a Lloret\u201d.[\/vc_column_text][\/vc_column][\/vc_row]\n<\/div>","protected":false},"excerpt":{"rendered":"<p>[vc_row][vc_column][vc_single_image image=&#8221;27093&#8243; img_size=&#8221;full&#8221; alignment=&#8221;center&#8221;][\/vc_column][\/vc_row][vc_row][vc_column][vc_column_text]El secretari general de l\u2019Agrupaci\u00f3 Socialista de Lloret ha presentat la seva candidatura a la batlia del poble[\/vc_column_text][\/vc_column][\/vc_row][vc_row][vc_column width=&#8221;1\/2&#8243;][vc_column_text]El secretari general de l\u2019Agrupaci\u00f3 Socialista de Lloret, Xisco Arrom, ha anunciat la seva candidatura a les eleccions municipals del 2023. La secret\u00e0ria general de la Federaci\u00f3 Socialista de Mallorca, Catalina Cladera, ha volgut&hellip;<\/p>\n","protected":false},"author":6,"featured_media":27093,"comment_status":"open","ping_status":"open","sticky":false,"template":"","format":"standard","meta":{"footnotes":""},"categories":[90,92],"tags":[398,105,78,295,81],"class_list":["post-27092","post","type-post","status-publish","format-standard","has-post-thumbnail","hentry","category-municipis","category-portada","tag-agrupacio-socialista-de-lloret","tag-catalina-cladera","tag-fsm","tag-lloret","tag-xisco-arrom"],"_links":{"self":[{"href":"https:\/\/www.psib-psoe.org\/mallorca\/wp-json\/wp\/v2\/posts\/27092"}],"collection":[{"href":"https:\/\/www.psib-psoe.org\/mallorca\/wp-json\/wp\/v2\/posts"}],"about":[{"href":"https:\/\/www.psib-psoe.org\/mallorca\/wp-json\/wp\/v2\/types\/post"}],"author":[{"embeddable":true,"href":"https:\/\/www.psib-psoe.org\/mallorca\/wp-json\/wp\/v2\/users\/6"}],"replies":[{"embeddable":true,"href":"https:\/\/www.psib-psoe.org\/mallorca\/wp-json\/wp\/v2\/comments?post=27092"}],"version-history":[{"count":0,"href":"https:\/\/www.psib-psoe.org\/mallorca\/wp-json\/wp\/v2\/posts\/27092\/revisions"}],"wp:featuredmedia":[{"embeddable":true,"href":"https:\/\/www.psib-psoe.org\/mallorca\/wp-json\/wp\/v2\/media\/27093"}],"wp:attachment":[{"href":"https:\/\/www.psib-psoe.org\/mallorca\/wp-json\/wp\/v2\/media?parent=27092"}],"wp:term":[{"taxonomy":"category","embeddable":true,"href":"https:\/\/www.psib-psoe.org\/mallorca\/wp-json\/wp\/v2\/categories?post=27092"},{"taxonomy":"post_tag","embeddable":true,"href":"https:\/\/www.psib-psoe.org\/mallorca\/wp-json\/wp\/v2\/tags?post=27092"}],"curies":[{"name":"wp","href":"https:\/\/api.w.org\/{rel}","templated":true}]}}