{"id":27104,"date":"2022-11-07T13:33:26","date_gmt":"2022-11-07T11:33:26","guid":{"rendered":"http:\/\/www.psib-psoe.org\/mallorca\/?p=27104"},"modified":"2022-11-07T13:33:26","modified_gmt":"2022-11-07T11:33:26","slug":"la-socialista-xesca-mir-presenta-la-seva-candidatura-a-la-batlia-de-sa-pobla","status":"publish","type":"post","link":"https:\/\/www.psib-psoe.org\/mallorca\/la-socialista-xesca-mir-presenta-la-seva-candidatura-a-la-batlia-de-sa-pobla\/","title":{"rendered":"La socialista Xesca Mir presenta la seva candidatura a la batlia de Sa Pobla"},"content":{"rendered":"<div class=\"wpb-content-wrapper\">[vc_row][vc_column width=&#8221;1\/2&#8243;][vc_single_image image=&#8221;27105&#8243; img_size=&#8221;full&#8221; alignment=&#8221;center&#8221;][\/vc_column][vc_column width=&#8221;1\/2&#8243;][vc_single_image image=&#8221;27107&#8243; img_size=&#8221;full&#8221;][\/vc_column][\/vc_row][vc_row][vc_column][vc_column_text]<em><u>La secret\u00e0ria general de l\u2019Agrupaci\u00f3 Socialista de Sa Pobla, Xesca Mir, ha anunciat la seva candidatura amb la pres\u00e8ncia de\u00a0 la secret\u00e0ria general de la Federaci\u00f3 Socialista de Mallorca, Catalina Cladera<\/u><\/em>[\/vc_column_text][\/vc_column][\/vc_row][vc_row][vc_column width=&#8221;1\/2&#8243;][vc_column_text]La secret\u00e0ria general de l\u2019Agrupaci\u00f3 Socialista de Sa Pobla, Xesca Mir, ha anunciat davant militants i simpatitzants del PSIB-PSOE que presenta la seva candidatura en les eleccions del maig de 2023. La secret\u00e0ria general de la Federaci\u00f3 Socialista de Mallorca, Catalina Cladera, ha acompanyat a Mir en aquest anunci.<\/p>\n<p>Xesca Mir ha destacat que \u201cel nostre objectiu \u00e9s formar un bon equip per presentar-nos a les eleccions, un equip que combini gent jove amb gent m\u00e9s experimentada. Em sent amb coratge per presentar-me i transmetre els valors socialistes. Pens que des de l\u2019equip de govern s\u2019est\u00e0 fent molt bona feina aquesta legislatura. El 2023 volem continuar fent feina pels poblers i pobleres\u201d.<\/p>\n<p>La secret\u00e0ria general de l\u2019Agrupaci\u00f3 Socialista de Sa Pobla ha agra\u00eft la pres\u00e8ncia de diferents companys del PSIB-PSOE com la secret\u00e0ria general de la Federaci\u00f3 Socialista de Mallorca, Catalina Cladera; la secret\u00e0ria d\u2019organitzaci\u00f3 de l\u2019FSM, Ant\u00f2nia Sastre; el secretari de coordinaci\u00f3 territorial, Tolo Aguilar i el president del PSIB-PSOE, Rafel Oliver.[\/vc_column_text][\/vc_column][vc_column width=&#8221;1\/2&#8243;][vc_column_text]La secret\u00e0ria general de la Federaci\u00f3 Socialista de Mallorca, Catalina Caldera, ha acompanyat a Mir i ha comentat que \u201cestic encantada amb que na Xesca vulgui continuar, tots els de l\u2019Agrupaci\u00f3 estam molt contents. Vull agrair-vos, primer a ella per donar la passa i a tots per aportar al projecte. El projecte socialista \u00e9s fort i segueix convencent a la gent. Estic segura que amb l\u2019esfor\u00e7 de tots i totes, Francina Armengol seguir\u00e0 com a presidenta del govern balear, jo mateixa com a presidenta del Consell de Mallorca i na Xesca obtindr\u00e0 la batlia de Sa Pobla\u201d.[\/vc_column_text][\/vc_column][\/vc_row]\n<\/div>","protected":false},"excerpt":{"rendered":"<p>[vc_row][vc_column width=&#8221;1\/2&#8243;][vc_single_image image=&#8221;27105&#8243; img_size=&#8221;full&#8221; alignment=&#8221;center&#8221;][\/vc_column][vc_column width=&#8221;1\/2&#8243;][vc_single_image image=&#8221;27107&#8243; img_size=&#8221;full&#8221;][\/vc_column][\/vc_row][vc_row][vc_column][vc_column_text]La secret\u00e0ria general de l\u2019Agrupaci\u00f3 Socialista de Sa Pobla, Xesca Mir, ha anunciat la seva candidatura amb la pres\u00e8ncia de\u00a0 la secret\u00e0ria general de la Federaci\u00f3 Socialista de Mallorca, Catalina Cladera[\/vc_column_text][\/vc_column][\/vc_row][vc_row][vc_column width=&#8221;1\/2&#8243;][vc_column_text]La secret\u00e0ria general de l\u2019Agrupaci\u00f3 Socialista de Sa Pobla, Xesca Mir, ha anunciat davant militants i simpatitzants&hellip;<\/p>\n","protected":false},"author":6,"featured_media":27105,"comment_status":"open","ping_status":"open","sticky":false,"template":"","format":"standard","meta":{"footnotes":""},"categories":[90,92],"tags":[401,227,105,400,352,146,192],"class_list":["post-27104","post","type-post","status-publish","format-standard","has-post-thumbnail","hentry","category-municipis","category-portada","tag-agrupacio-socialista-de-sa-pobla","tag-antonia-sastre","tag-catalina-cladera","tag-francesca-mir","tag-rafel-oliver","tag-sa-pobla","tag-xesca-mir"],"_links":{"self":[{"href":"https:\/\/www.psib-psoe.org\/mallorca\/wp-json\/wp\/v2\/posts\/27104"}],"collection":[{"href":"https:\/\/www.psib-psoe.org\/mallorca\/wp-json\/wp\/v2\/posts"}],"about":[{"href":"https:\/\/www.psib-psoe.org\/mallorca\/wp-json\/wp\/v2\/types\/post"}],"author":[{"embeddable":true,"href":"https:\/\/www.psib-psoe.org\/mallorca\/wp-json\/wp\/v2\/users\/6"}],"replies":[{"embeddable":true,"href":"https:\/\/www.psib-psoe.org\/mallorca\/wp-json\/wp\/v2\/comments?post=27104"}],"version-history":[{"count":0,"href":"https:\/\/www.psib-psoe.org\/mallorca\/wp-json\/wp\/v2\/posts\/27104\/revisions"}],"wp:featuredmedia":[{"embeddable":true,"href":"https:\/\/www.psib-psoe.org\/mallorca\/wp-json\/wp\/v2\/media\/27105"}],"wp:attachment":[{"href":"https:\/\/www.psib-psoe.org\/mallorca\/wp-json\/wp\/v2\/media?parent=27104"}],"wp:term":[{"taxonomy":"category","embeddable":true,"href":"https:\/\/www.psib-psoe.org\/mallorca\/wp-json\/wp\/v2\/categories?post=27104"},{"taxonomy":"post_tag","embeddable":true,"href":"https:\/\/www.psib-psoe.org\/mallorca\/wp-json\/wp\/v2\/tags?post=27104"}],"curies":[{"name":"wp","href":"https:\/\/api.w.org\/{rel}","templated":true}]}}