{"id":27109,"date":"2022-11-08T14:42:21","date_gmt":"2022-11-08T12:42:21","guid":{"rendered":"http:\/\/www.psib-psoe.org\/mallorca\/?p=27109"},"modified":"2022-11-08T14:42:21","modified_gmt":"2022-11-08T12:42:21","slug":"la-socialista-natalia-troya-anuncia-la-seva-candidatura-amb-lobjectiu-de-repetir-batlia-a-son-severa-en-les-eleccions-de-2023","status":"publish","type":"post","link":"https:\/\/www.psib-psoe.org\/mallorca\/la-socialista-natalia-troya-anuncia-la-seva-candidatura-amb-lobjectiu-de-repetir-batlia-a-son-severa-en-les-eleccions-de-2023\/","title":{"rendered":"La socialista Natalia Troya anuncia la seva candidatura amb l\u2019objectiu de repetir batlia a Son Severa en les eleccions de 2023"},"content":{"rendered":"<div class=\"wpb-content-wrapper\">[vc_row][vc_column width=&#8221;1\/2&#8243;][vc_single_image image=&#8221;27110&#8243; img_size=&#8221;full&#8221; alignment=&#8221;center&#8221;][\/vc_column][vc_column width=&#8221;1\/2&#8243;][vc_single_image image=&#8221;27111&#8243; img_size=&#8221;full&#8221;][\/vc_column][\/vc_row][vc_row][vc_column][vc_column_text]<em><u>Natalia Troya: \u201c\u00e9s un orgull poder representar el partit socialista, haver estat la primera batlessa de Son Servera en el 2019 encap\u00e7alant el partit m\u00e9s votat\u201d<\/u><\/em>[\/vc_column_text][\/vc_column][\/vc_row][vc_row][vc_column width=&#8221;1\/2&#8243;][vc_column_text]La secret\u00e0ria general de l\u2019Agrupaci\u00f3 Socialista de Son Servera, Natalia Troya, ha anunciat davant militants i simpatitzants del PSIB-PSOE que presenta la seva candidatura en les eleccions del maig de 2023. La secret\u00e0ria general de la Federaci\u00f3 Socialista de Mallorca, Catalina Cladera, ha mostrat el seu suport a la candidatura de Troya.<\/p>\n<p>Natalia Troya ha comen\u00e7at el seu discurs agraint a totes les persones que l&#8217;han acompanyada des del 2003 en la seva carrera pol\u00edtica. A m\u00e9s, ha afegit que per a ella \u201c\u00e9s un orgull poder representar al Partit Socialista, haver estat la primera batlessa de Son Servera en el 2019 encap\u00e7alant el partit m\u00e9s votat\u201d.<\/p>\n<p>La secret\u00e0ria general de l\u2019Agrupaci\u00f3 Socialista de Son Servera ha destacat que t\u00e9 \u201cles ganes i el coratge per continuar liderant el projecte socialista perqu\u00e8 encara no est\u00e0 concl\u00f2s\u201d. Tamb\u00e9 ha comentat que se sent \u201corgullosa de la feina feta i d&#8217;haver-hi estat en els moments m\u00e9s complicats\u201d.[\/vc_column_text][\/vc_column][vc_column width=&#8221;1\/2&#8243;][vc_column_text]Troya ha acabat el seu discurs fent inc\u00eds en qu\u00e8 \u00a0\u201cel Partit Socialista \u00e9s l\u2019opci\u00f3 m\u00e9s bona perqu\u00e8 la gent de Son Servera i Cala Millor visquin millor. M\u2019acompanya un gran equip, gent molt bona i v\u00e0lida per formar la millor candidatura. Ara, el nostre objectiu per a les eleccions del 2023 s\u00f3n els 9 regidors, \u00e9s a dir, la majoria absoluta\u201d.<\/p>\n<p>La secret\u00e0ria general de la Federaci\u00f3 Socialista de Mallorca, Catalina Caldera, ha recolzat a Troya en el seu anunci i ha remarcat que \u201cna Natalia est\u00e0 fent i ha fet molta feina aquesta legislatura com a batlessa de Son Servera. \u00c9s una gran candidata, estic segura que el maig del 2023 obtindr\u00e0 grans resultats\u201d.[\/vc_column_text][\/vc_column][\/vc_row]\n<\/div>","protected":false},"excerpt":{"rendered":"<p>[vc_row][vc_column width=&#8221;1\/2&#8243;][vc_single_image image=&#8221;27110&#8243; img_size=&#8221;full&#8221; alignment=&#8221;center&#8221;][\/vc_column][vc_column width=&#8221;1\/2&#8243;][vc_single_image image=&#8221;27111&#8243; img_size=&#8221;full&#8221;][\/vc_column][\/vc_row][vc_row][vc_column][vc_column_text]Natalia Troya: \u201c\u00e9s un orgull poder representar el partit socialista, haver estat la primera batlessa de Son Servera en el 2019 encap\u00e7alant el partit m\u00e9s votat\u201d[\/vc_column_text][\/vc_column][\/vc_row][vc_row][vc_column width=&#8221;1\/2&#8243;][vc_column_text]La secret\u00e0ria general de l\u2019Agrupaci\u00f3 Socialista de Son Servera, Natalia Troya, ha anunciat davant militants i simpatitzants del PSIB-PSOE que presenta la&hellip;<\/p>\n","protected":false},"author":6,"featured_media":27110,"comment_status":"open","ping_status":"open","sticky":false,"template":"","format":"standard","meta":{"footnotes":""},"categories":[90,92],"tags":[403,105,402,236,84,187],"class_list":["post-27109","post","type-post","status-publish","format-standard","has-post-thumbnail","hentry","category-municipis","category-portada","tag-agrupacio-socialista-de-son-servera","tag-catalina-cladera","tag-natalia-troya","tag-patricia-gomez","tag-psib-psoe","tag-son-servera"],"_links":{"self":[{"href":"https:\/\/www.psib-psoe.org\/mallorca\/wp-json\/wp\/v2\/posts\/27109"}],"collection":[{"href":"https:\/\/www.psib-psoe.org\/mallorca\/wp-json\/wp\/v2\/posts"}],"about":[{"href":"https:\/\/www.psib-psoe.org\/mallorca\/wp-json\/wp\/v2\/types\/post"}],"author":[{"embeddable":true,"href":"https:\/\/www.psib-psoe.org\/mallorca\/wp-json\/wp\/v2\/users\/6"}],"replies":[{"embeddable":true,"href":"https:\/\/www.psib-psoe.org\/mallorca\/wp-json\/wp\/v2\/comments?post=27109"}],"version-history":[{"count":0,"href":"https:\/\/www.psib-psoe.org\/mallorca\/wp-json\/wp\/v2\/posts\/27109\/revisions"}],"wp:featuredmedia":[{"embeddable":true,"href":"https:\/\/www.psib-psoe.org\/mallorca\/wp-json\/wp\/v2\/media\/27110"}],"wp:attachment":[{"href":"https:\/\/www.psib-psoe.org\/mallorca\/wp-json\/wp\/v2\/media?parent=27109"}],"wp:term":[{"taxonomy":"category","embeddable":true,"href":"https:\/\/www.psib-psoe.org\/mallorca\/wp-json\/wp\/v2\/categories?post=27109"},{"taxonomy":"post_tag","embeddable":true,"href":"https:\/\/www.psib-psoe.org\/mallorca\/wp-json\/wp\/v2\/tags?post=27109"}],"curies":[{"name":"wp","href":"https:\/\/api.w.org\/{rel}","templated":true}]}}