{"id":27117,"date":"2022-11-12T16:21:56","date_gmt":"2022-11-12T14:21:56","guid":{"rendered":"http:\/\/www.psib-psoe.org\/mallorca\/?p=27117"},"modified":"2022-11-12T16:21:56","modified_gmt":"2022-11-12T14:21:56","slug":"catalina-cladera-llei-turistica-de-balears-aporta-uns-parametres-de-sostenibilitat-i-circularitat","status":"publish","type":"post","link":"https:\/\/www.psib-psoe.org\/mallorca\/catalina-cladera-llei-turistica-de-balears-aporta-uns-parametres-de-sostenibilitat-i-circularitat\/","title":{"rendered":"Catalina Cladera: &#8220;la llei tur\u00edstica de Balears aporta uns par\u00e0metres de sostenibilitat i circularitat que ens ajudar\u00e0 a consolidar el canvi de model que necessiten les nostres illes\u201d"},"content":{"rendered":"<div class=\"wpb-content-wrapper\">[vc_row][vc_column][vc_single_image image=&#8221;27118&#8243; img_size=&#8221;full&#8221; alignment=&#8221;center&#8221;][\/vc_column][\/vc_row][vc_row][vc_column][vc_column_text]\n<p style=\"font-weight: 400;\"><em><u>La secret\u00e0ria general dels Socialistes de Mallorca, Catalina Cladera, ha participat en una taula rodona sobre turisme als Formacci\u00f3 2022- J\u00falia Petrus de Joventuts Socialistes de les Illes Balears que s\u2019est\u00e0 celebrant aquest cap de setmana al municipi d\u2019Alar\u00f3<\/u><\/em><\/p>\n[\/vc_column_text][\/vc_column][\/vc_row][vc_row][vc_column width=&#8221;1\/2&#8243;][vc_column_text]\n<p style=\"font-weight: 400;\">Les Joventuts Socialistes de les Illes Balears han celebrat una taula rodona\u00a0sobre turisme en el context de la seva escola de <em>Formacci\u00f3 2022- J\u00falia Petrus,<\/em> on han participat Catalina Cladera, secret\u00e0ria general dels Socialistes de Mallorca; Javier Pascuet, Director de Turisme de l\u2019Ajuntament de Calvi\u00e0; i Pepe Mercadal, secretari d\u2019organitzaci\u00f3 de Joventuts Socialistes de les Illes Balears.<\/p>\n<p style=\"font-weight: 400;\">La secret\u00e0ria general dels Socialistes de Mallorca, i presidenta del Consell de\u00a0Mallorca, Catalina Caldera, ha\u00a0fet valdre\u00a0l&#8217;aprovaci\u00f3 de la nova llei tur\u00edstica de Balears perqu\u00e8 &#8220;la llei aporta uns par\u00e0metres de sostenibilitat i circularitat que ens ajudar\u00e0 a consolidar el canvi de model que necessiten les nostres illes&#8221;.<\/p>\n[\/vc_column_text][\/vc_column][vc_column width=&#8221;1\/2&#8243;][vc_column_text]\n<p style=\"font-weight: 400;\">A m\u00e9s a m\u00e9s, ha afegit que \u201ca difer\u00e8ncia de la dreta, el Partit Socialista t\u00e9 molt clar quin \u00e9s el rumb, i de quina manera hem de definir el model tur\u00edstic que volem per a les Illes Balears, tenint en compte aspectes com la nostra cultura, la nostra llengua, el nostre patrimoni, o la nostra hist\u00f2ria\u201d.<\/p>\n[\/vc_column_text][\/vc_column][\/vc_row]\n<\/div>","protected":false},"excerpt":{"rendered":"<p>[vc_row][vc_column][vc_single_image image=&#8221;27118&#8243; img_size=&#8221;full&#8221; alignment=&#8221;center&#8221;][\/vc_column][\/vc_row][vc_row][vc_column][vc_column_text] La secret\u00e0ria general dels Socialistes de Mallorca, Catalina Cladera, ha participat en una taula rodona sobre turisme als Formacci\u00f3 2022- J\u00falia Petrus de Joventuts Socialistes de les Illes Balears que s\u2019est\u00e0 celebrant aquest cap de setmana al municipi d\u2019Alar\u00f3 [\/vc_column_text][\/vc_column][\/vc_row][vc_row][vc_column width=&#8221;1\/2&#8243;][vc_column_text] Les Joventuts Socialistes de les Illes Balears han celebrat una&hellip;<\/p>\n","protected":false},"author":3,"featured_media":27067,"comment_status":"open","ping_status":"open","sticky":false,"template":"","format":"standard","meta":{"footnotes":""},"categories":[2,1,92],"tags":[105,404,358],"class_list":["post-27117","post","type-post","status-publish","format-standard","has-post-thumbnail","hentry","category-federacio-de-mallorca","category-federacio-de-mallorca-portada","category-portada","tag-catalina-cladera","tag-formaccio","tag-jsib"],"_links":{"self":[{"href":"https:\/\/www.psib-psoe.org\/mallorca\/wp-json\/wp\/v2\/posts\/27117"}],"collection":[{"href":"https:\/\/www.psib-psoe.org\/mallorca\/wp-json\/wp\/v2\/posts"}],"about":[{"href":"https:\/\/www.psib-psoe.org\/mallorca\/wp-json\/wp\/v2\/types\/post"}],"author":[{"embeddable":true,"href":"https:\/\/www.psib-psoe.org\/mallorca\/wp-json\/wp\/v2\/users\/3"}],"replies":[{"embeddable":true,"href":"https:\/\/www.psib-psoe.org\/mallorca\/wp-json\/wp\/v2\/comments?post=27117"}],"version-history":[{"count":0,"href":"https:\/\/www.psib-psoe.org\/mallorca\/wp-json\/wp\/v2\/posts\/27117\/revisions"}],"wp:featuredmedia":[{"embeddable":true,"href":"https:\/\/www.psib-psoe.org\/mallorca\/wp-json\/wp\/v2\/media\/27067"}],"wp:attachment":[{"href":"https:\/\/www.psib-psoe.org\/mallorca\/wp-json\/wp\/v2\/media?parent=27117"}],"wp:term":[{"taxonomy":"category","embeddable":true,"href":"https:\/\/www.psib-psoe.org\/mallorca\/wp-json\/wp\/v2\/categories?post=27117"},{"taxonomy":"post_tag","embeddable":true,"href":"https:\/\/www.psib-psoe.org\/mallorca\/wp-json\/wp\/v2\/tags?post=27117"}],"curies":[{"name":"wp","href":"https:\/\/api.w.org\/{rel}","templated":true}]}}