{"id":27145,"date":"2022-11-28T19:35:41","date_gmt":"2022-11-28T17:35:41","guid":{"rendered":"http:\/\/www.psib-psoe.org\/mallorca\/?p=27145"},"modified":"2022-11-28T19:35:41","modified_gmt":"2022-11-28T17:35:41","slug":"la-federacio-socialista-de-mallorca-aprova-el-seu-comite-electoral-per-afrontar-les-eleccions-del-maig-del-2023","status":"publish","type":"post","link":"https:\/\/www.psib-psoe.org\/mallorca\/la-federacio-socialista-de-mallorca-aprova-el-seu-comite-electoral-per-afrontar-les-eleccions-del-maig-del-2023\/","title":{"rendered":"La Federaci\u00f3 Socialista de Mallorca aprova el seu comit\u00e8 electoral per afrontar les eleccions del maig del 2023"},"content":{"rendered":"<div class=\"wpb-content-wrapper\">[vc_row][vc_column][vc_single_image image=&#8221;27146&#8243; img_size=&#8221;full&#8221; alignment=&#8221;center&#8221;][\/vc_column][\/vc_row][vc_row][vc_column][vc_raw_html]JTNDaWZyYW1lJTIwc3JjJTNEJTIyaHR0cHMlM0ElMkYlMkZ3d3cuaXZvb3guY29tJTJGcGxheWVyX2VqXzk3MTIwNzc5XzZfMS5odG1sJTNGYzElM0RlNDA0MjIlMjIlMjB3aWR0aCUzRCUyMjEwMCUyNSUyMiUyMGhlaWdodCUzRCUyMjIwMCUyMiUyMGZyYW1lYm9yZGVyJTNEJTIyMCUyMiUyMGFsbG93ZnVsbHNjcmVlbiUzRCUyMiUyMiUyMHNjcm9sbGluZyUzRCUyMm5vJTIyJTIwbG9hZGluZyUzRCUyMmxhenklMjIlM0UlM0MlMkZpZnJhbWUlM0U=[\/vc_raw_html][\/vc_column][\/vc_row][vc_row][vc_column][vc_column_text]<em><u>Catalina Cladera: \u201cAvui posam en marxa tota la maquin\u00e0ria i l\u2019estrat\u00e8gia electoral per guanyar les eleccions del maig del 2023\u201d<\/u><\/em>[\/vc_column_text][\/vc_column][\/vc_row][vc_row][vc_column width=&#8221;1\/2&#8243;][vc_column_text]La Federaci\u00f3 Socialista de Mallorca ha celebrat una comissi\u00f3 executiva ordin\u00e0ria per aprovar el seu comit\u00e8 electoral per afrontar les eleccions del maig del 2023. La secret\u00e0ria general de la Federaci\u00f3 Socialista de Mallorca, Catalina Cladera, ha comentat que \u201cavui posam en marxa tota la maquin\u00e0ria i l\u2019estrat\u00e8gia electoral per guanyar les eleccions del maig del 2023\u201d.<\/p>\n<p>Per la seva banda, la secret\u00e0ria d\u2019organitzaci\u00f3 de l\u2019FSM, Ant\u00f2nia Sastre ha declarat que \u201caquest comit\u00e8 electoral \u00e9s l\u2019encarregat de dirigir l\u2019estrat\u00e8gia electoral dels socialistes de Mallorca de cara a les eleccions del maig del 2023\u201d. \u00a0Sastre ser\u00e0 la coordinadora general del citat comit\u00e8 electoral que estar\u00e0 format per un grup de 22 persones que treballar\u00e0 per revalidar i millorar els resultats electorals del 2019 i continuar amb governs socialistes al govern balear, Consell de Mallorca i a tots els ajuntaments de Mallorca.<\/p>\n<p>A la comissi\u00f3 executiva de la Federaci\u00f3 Socialista de Mallorca s\u2019han tractat altres punts com l\u2019aprovaci\u00f3 de la coordinaci\u00f3 de la confer\u00e8ncia pol\u00edtica que comen\u00e7aria amb una convenci\u00f3 municipal dia 11 de febrer i acabaria l\u20191 d\u2019abril amb la confer\u00e8ncia pol\u00edtica. El coordinador d\u2019aquesta confer\u00e8ncia pol\u00edtica ser\u00e0 el vicesecretari general de l\u2019FSM, Javier de Juan.[\/vc_column_text][\/vc_column][vc_column width=&#8221;1\/2&#8243;][vc_column_text]A m\u00e9s, la comissi\u00f3 executiva de l\u2019FSM ha aprovat una Proposta de Resoluci\u00f3 relativa al suport a l\u2019escut social previst pel Consell de Mallorca enfront de les conseq\u00fc\u00e8ncies de la guerra a Ucra\u00efna. \u201cSi alguna cosa hem comprovat durant la pand\u00e8mia originada per la COVID-19 \u00e9s l\u2019efectivitat de l\u2019escut social. Tots hem vist els resultats, des de les institucions governades pels socialistes es va actuar amb rapidesa perqu\u00e8 la recuperaci\u00f3 fos r\u00e0pida i solvent\u201d ha assenyalat la secret\u00e0ria general de l\u2019FSM, Catalina Cladera.<\/p>\n<p>L\u2019executiva de l\u2019FSM ha manifestat el seu suport al nou escut social que s\u2019ha plantejat des del Govern Espanyol, Govern de les Illes Balears i el Consell de Mallorca. Un escut social enfocat a fer front a les conseq\u00fc\u00e8ncies de la guerra d\u2019Ucra\u00efna i als efectes de la inflaci\u00f3 sobre fam\u00edlies i empreses.<\/p>\n<p>Cladera ha concl\u00f2s que \u201chi ha dues formes d\u2019enfrontar les crisis. Una, com ho feim els i les socialistes, posant per damunt l\u2019inter\u00e8s general, la solidaritat i la just\u00edcia social; en resum: no deixar a ning\u00fa enrere. Per altra banda, tenim el model de la dreta, el model de les retallades o la reducci\u00f3 de serveis p\u00fablics, unes mesures que perjudiquen principalment a les classes mitjanes i treballadores\u201d.[\/vc_column_text][\/vc_column][\/vc_row]\n<\/div>","protected":false},"excerpt":{"rendered":"<p>[vc_row][vc_column][vc_single_image image=&#8221;27146&#8243; img_size=&#8221;full&#8221; alignment=&#8221;center&#8221;][\/vc_column][\/vc_row][vc_row][vc_column][vc_raw_html]JTNDaWZyYW1lJTIwc3JjJTNEJTIyaHR0cHMlM0ElMkYlMkZ3d3cuaXZvb3guY29tJTJGcGxheWVyX2VqXzk3MTIwNzc5XzZfMS5odG1sJTNGYzElM0RlNDA0MjIlMjIlMjB3aWR0aCUzRCUyMjEwMCUyNSUyMiUyMGhlaWdodCUzRCUyMjIwMCUyMiUyMGZyYW1lYm9yZGVyJTNEJTIyMCUyMiUyMGFsbG93ZnVsbHNjcmVlbiUzRCUyMiUyMiUyMHNjcm9sbGluZyUzRCUyMm5vJTIyJTIwbG9hZGluZyUzRCUyMmxhenklMjIlM0UlM0MlMkZpZnJhbWUlM0U=[\/vc_raw_html][\/vc_column][\/vc_row][vc_row][vc_column][vc_column_text]Catalina Cladera: \u201cAvui posam en marxa tota la maquin\u00e0ria i l\u2019estrat\u00e8gia electoral per guanyar les eleccions del maig del 2023\u201d[\/vc_column_text][\/vc_column][\/vc_row][vc_row][vc_column width=&#8221;1\/2&#8243;][vc_column_text]La Federaci\u00f3 Socialista de Mallorca ha celebrat una comissi\u00f3 executiva ordin\u00e0ria per aprovar el seu comit\u00e8 electoral per afrontar les eleccions del maig del 2023. La secret\u00e0ria general de la Federaci\u00f3 Socialista&hellip;<\/p>\n","protected":false},"author":6,"featured_media":27146,"comment_status":"open","ping_status":"open","sticky":false,"template":"","format":"standard","meta":{"footnotes":""},"categories":[2,1,92],"tags":[227,105,290,78,84],"class_list":["post-27145","post","type-post","status-publish","format-standard","has-post-thumbnail","hentry","category-federacio-de-mallorca","category-federacio-de-mallorca-portada","category-portada","tag-antonia-sastre","tag-catalina-cladera","tag-executiva","tag-fsm","tag-psib-psoe"],"_links":{"self":[{"href":"https:\/\/www.psib-psoe.org\/mallorca\/wp-json\/wp\/v2\/posts\/27145"}],"collection":[{"href":"https:\/\/www.psib-psoe.org\/mallorca\/wp-json\/wp\/v2\/posts"}],"about":[{"href":"https:\/\/www.psib-psoe.org\/mallorca\/wp-json\/wp\/v2\/types\/post"}],"author":[{"embeddable":true,"href":"https:\/\/www.psib-psoe.org\/mallorca\/wp-json\/wp\/v2\/users\/6"}],"replies":[{"embeddable":true,"href":"https:\/\/www.psib-psoe.org\/mallorca\/wp-json\/wp\/v2\/comments?post=27145"}],"version-history":[{"count":0,"href":"https:\/\/www.psib-psoe.org\/mallorca\/wp-json\/wp\/v2\/posts\/27145\/revisions"}],"wp:featuredmedia":[{"embeddable":true,"href":"https:\/\/www.psib-psoe.org\/mallorca\/wp-json\/wp\/v2\/media\/27146"}],"wp:attachment":[{"href":"https:\/\/www.psib-psoe.org\/mallorca\/wp-json\/wp\/v2\/media?parent=27145"}],"wp:term":[{"taxonomy":"category","embeddable":true,"href":"https:\/\/www.psib-psoe.org\/mallorca\/wp-json\/wp\/v2\/categories?post=27145"},{"taxonomy":"post_tag","embeddable":true,"href":"https:\/\/www.psib-psoe.org\/mallorca\/wp-json\/wp\/v2\/tags?post=27145"}],"curies":[{"name":"wp","href":"https:\/\/api.w.org\/{rel}","templated":true}]}}