{"id":27156,"date":"2022-11-30T12:16:43","date_gmt":"2022-11-30T10:16:43","guid":{"rendered":"http:\/\/www.psib-psoe.org\/mallorca\/?p=27156"},"modified":"2022-11-30T12:16:43","modified_gmt":"2022-11-30T10:16:43","slug":"virgilio-moreno-sera-el-candidat-socialista-per-revalidar-la-batlia-dinca-a-les-eleccions-del-2023","status":"publish","type":"post","link":"https:\/\/www.psib-psoe.org\/mallorca\/virgilio-moreno-sera-el-candidat-socialista-per-revalidar-la-batlia-dinca-a-les-eleccions-del-2023\/","title":{"rendered":"Virgilio Moreno ser\u00e0 el candidat socialista per revalidar la batlia d\u2019Inca a les eleccions del 2023"},"content":{"rendered":"<div class=\"wpb-content-wrapper\">[vc_row][vc_column][vc_single_image image=&#8221;27159&#8243; img_size=&#8221;full&#8221; alignment=&#8221;center&#8221;][\/vc_column][\/vc_row][vc_row][vc_column][vc_column_text]<em><u>El Secretari General dels Socialistes d\u2019Inca ha refermat el seu comprom\u00eds amb la ciutat i ha presentat la seva candidatura per consolidar els avan\u00e7os assolits i seguir transformant la capital del Raiguer<\/u><\/em>[\/vc_column_text][\/vc_column][\/vc_row][vc_row][vc_column width=&#8221;1\/2&#8243;][vc_column_text]Virgilio Moreno ha presentat la seva candidatura per ser reelegit batle d\u2019Inca davant la comissi\u00f3 executiva dels Socialistes d\u2019Inca quan falten pocs menys de 180 dies per a les eleccions del 28 de maig. \u201c\u00c9s un honor i un orgull presentar la meva candidatura al capdavant d\u2019aquest projecte i, sobretot, fer-ho envoltat d\u2019un equip que mant\u00e9 intacte el comprom\u00eds i la il\u00b7lusi\u00f3 per continuar treballant per la nostra ciutat\u201d, ha assenyalat Moreno.<\/p>\n<p>Enfocat a les pr\u00f2ximes eleccions municipals, Moreno ha comen\u00e7at el seu discurs afirmant que el projecte dels Socialistes d\u2019Inca es troba en el seu millor moment. \u201cTenim la certesa d\u2019haver complit amb la paraula donada, hem demostrat amb fets els compromisos adquirits i ens avala la feina ben feta durant aquests vuit anys, en els quals hem assolit objectius important\u00edssims que abracen tots els \u00e0mbits: socials, culturals, econ\u00f2mics i empresarials\u201d, ha exposat.<\/p>\n<p>Aix\u00ed mateix, el candidat socialista ha declarat que \u201cara encetam una nova etapa en aquest cam\u00ed, ho feim mirant al futur i tenint molt clares les idees de com volem seguir desenvolupant la ciutat en els pr\u00f2xims 4 anys\u201d, i hi ha afegit que \u201ctenim l\u2019equip, les ganes i l\u2019experi\u00e8ncia necess\u00e0ria per continuar fent nous projectes que continu\u00efn donant resposta a les necessitats dels ciutadans, generant m\u00e9s i millors oportunitats per a tots els inquers i les inqueres\u201d.[\/vc_column_text][\/vc_column][vc_column width=&#8221;1\/2&#8243;][vc_column_text]La Comissi\u00f3 Executiva dels Socialistes d\u2019Inca, formada al mes d\u2019abril d\u2019aquest any, compta amb 29 membres, als quals Moreno s\u2019ha volgut dirigir per agrair \u201cla seva capacitat de gesti\u00f3 i la bona feina realitzada en els moments m\u00e9s complicats\u201d. Moreno ha ressaltat que \u201cals Socialistes d\u2019Inca ens defineix estar devora la gent en els moments de dificultat i aix\u00ed ho hem demostrat sempre: hem estat, estam i estarem al costat dels ciutadans i ho farem sense deixar mai ning\u00fa enrere, perqu\u00e8 tenim molt clar que Inca Som Tots\u201d.<\/p>\n<p>Finalment, l\u2019actual batle ha fet refer\u00e8ncia a la transformaci\u00f3 d\u2019Inca durant aquests vuit anys de govern progressista a la capital del Raiguer: \u201cInca \u00e9s avui una ciutat m\u00e9s viva, oberta, sostenible i feminista gr\u00e0cies al projecte socialista que ho ha fet possible i aix\u00ed ha de seguir sent en els anys vinents\u201d.\u00a0 A m\u00e9s, ha fet inc\u00eds en qu\u00e8 \u201cInca t\u00e9 avui una immensa capacitat de dinamitzaci\u00f3 social perqu\u00e8 Inca Som Tots i nom\u00e9s entenent la ciutat d\u2019una manera completament transversal serem capa\u00e7os de continuar construint un municipi amb uns valors s\u00f2lids ple d\u2019oportunitats per a tothom\u201d.[\/vc_column_text][\/vc_column][\/vc_row]\n<\/div>","protected":false},"excerpt":{"rendered":"<p>[vc_row][vc_column][vc_single_image image=&#8221;27159&#8243; img_size=&#8221;full&#8221; alignment=&#8221;center&#8221;][\/vc_column][\/vc_row][vc_row][vc_column][vc_column_text]El Secretari General dels Socialistes d\u2019Inca ha refermat el seu comprom\u00eds amb la ciutat i ha presentat la seva candidatura per consolidar els avan\u00e7os assolits i seguir transformant la capital del Raiguer[\/vc_column_text][\/vc_column][\/vc_row][vc_row][vc_column width=&#8221;1\/2&#8243;][vc_column_text]Virgilio Moreno ha presentat la seva candidatura per ser reelegit batle d\u2019Inca davant la comissi\u00f3 executiva dels Socialistes d\u2019Inca quan&hellip;<\/p>\n","protected":false},"author":6,"featured_media":27159,"comment_status":"open","ping_status":"open","sticky":false,"template":"","format":"standard","meta":{"footnotes":""},"categories":[90,92],"tags":[348,246,84,245,412,329],"class_list":["post-27156","post","type-post","status-publish","format-standard","has-post-thumbnail","hentry","category-municipis","category-portada","tag-agrupacio-socialista-dalcudia","tag-inca","tag-psib-psoe","tag-socialistes-dinca","tag-virgilio","tag-virgilio-moreno"],"_links":{"self":[{"href":"https:\/\/www.psib-psoe.org\/mallorca\/wp-json\/wp\/v2\/posts\/27156"}],"collection":[{"href":"https:\/\/www.psib-psoe.org\/mallorca\/wp-json\/wp\/v2\/posts"}],"about":[{"href":"https:\/\/www.psib-psoe.org\/mallorca\/wp-json\/wp\/v2\/types\/post"}],"author":[{"embeddable":true,"href":"https:\/\/www.psib-psoe.org\/mallorca\/wp-json\/wp\/v2\/users\/6"}],"replies":[{"embeddable":true,"href":"https:\/\/www.psib-psoe.org\/mallorca\/wp-json\/wp\/v2\/comments?post=27156"}],"version-history":[{"count":0,"href":"https:\/\/www.psib-psoe.org\/mallorca\/wp-json\/wp\/v2\/posts\/27156\/revisions"}],"wp:featuredmedia":[{"embeddable":true,"href":"https:\/\/www.psib-psoe.org\/mallorca\/wp-json\/wp\/v2\/media\/27159"}],"wp:attachment":[{"href":"https:\/\/www.psib-psoe.org\/mallorca\/wp-json\/wp\/v2\/media?parent=27156"}],"wp:term":[{"taxonomy":"category","embeddable":true,"href":"https:\/\/www.psib-psoe.org\/mallorca\/wp-json\/wp\/v2\/categories?post=27156"},{"taxonomy":"post_tag","embeddable":true,"href":"https:\/\/www.psib-psoe.org\/mallorca\/wp-json\/wp\/v2\/tags?post=27156"}],"curies":[{"name":"wp","href":"https:\/\/api.w.org\/{rel}","templated":true}]}}