{"id":27157,"date":"2022-11-30T12:15:26","date_gmt":"2022-11-30T10:15:26","guid":{"rendered":"http:\/\/www.psib-psoe.org\/mallorca\/?p=27157"},"modified":"2022-11-30T14:33:37","modified_gmt":"2022-11-30T12:33:37","slug":"el-partit-popular-deixa-sense-subvencions-a-mes-de-10-associacions-esportives-i-culturals-dandratx-als-pressuposts-per-al-2023","status":"publish","type":"post","link":"https:\/\/www.psib-psoe.org\/mallorca\/el-partit-popular-deixa-sense-subvencions-a-mes-de-10-associacions-esportives-i-culturals-dandratx-als-pressuposts-per-al-2023\/","title":{"rendered":"El Partit Popular deixa sense subvencions a m\u00e9s de 10 associacions esportives i culturals d\u2019Andratx als pressuposts per al 2023"},"content":{"rendered":"<div class=\"wpb-content-wrapper\">[vc_row][vc_column][vc_single_image image=&#8221;27158&#8243; img_size=&#8221;full&#8221; alignment=&#8221;center&#8221;][\/vc_column][\/vc_row][vc_row][vc_column][vc_column_text]\n<p style=\"font-weight: 400;\"><em><u>El Grup Municipal Socialista d\u2019Andratx ha avan\u00e7at el seu vot negatiu als comptes, ja que \u201cs\u00f3n irreals i no defensen les necessitats dels andritxols i andritxoles\u201d<\/u><\/em><\/p>\n[\/vc_column_text][\/vc_column][\/vc_row][vc_row][vc_column width=&#8221;1\/2&#8243;][vc_column_text]<span lang=\"CA\">El Grup Municipal Socialista d&#8217;Andratx ha avan\u00e7at el seu vot negatiu als pressuposts per al 2023 que ha presentat el &#8220;pacte de la propaganda&#8221; liderat per la batlessa, Estefania\u00a0Gonzalvo,\u00a0pel fet que\u00a0deixen sense subvencions a m\u00e9s de 10 associacions esportives i culturals d&#8217;Andratx. Per la qual cosa, des del Grup han criticat que &#8220;aquests comptes s\u00f3n irreals i no defensen les necessitats reals dels andritxols i andritxoles&#8221;.<\/span><\/p>\n<p>Aix\u00ed mateix, els i les socialistes han apel\u00b7lat a la\u00a0batlessa\u00a0del Partit Popular per demanar-li &#8220;com pensa pagar les activitats que desenvolupen les associacions esportives i culturals si no estan incloses en els pressuposts municipals?&#8221;. Des del Grup Municipal Socialista han defensat que &#8220;les associacions esportives i culturals d&#8217;Andratx es mereixen tot el\u00a0suport\u00a0de l&#8217;Ajuntament d&#8217;Andratx i no un pacte de la propaganda que retalli les subvencions&#8221;.[\/vc_column_text][\/vc_column][vc_column width=&#8221;1\/2&#8243;][vc_column_text]<span lang=\"CA\">Finalment, cal destacar que entre les associacions es troben els &#8216;Correfocs dels\u00a0Dragomonis&#8217;, les activitats de la Ludoteca de\u00a0S&#8217;Arrac\u00f3, la Gala L\u00edrica, la tornada a la Dragonera en piragua, el Ral\u00b7li Sol de Ponent, les subvencions a les Entitats Esportives de nivell nacional, el torneig nacional de gimn\u00e0stica r\u00edtmica, l&#8217;Associaci\u00f3 de Carreters i Cavallistes d&#8217;Andratx o la Lliga de Dards d&#8217;Andratx, entre d&#8217;altres.<\/span>[\/vc_column_text][\/vc_column][\/vc_row]\n<\/div>","protected":false},"excerpt":{"rendered":"<p>[vc_row][vc_column][vc_single_image image=&#8221;27158&#8243; img_size=&#8221;full&#8221; alignment=&#8221;center&#8221;][\/vc_column][\/vc_row][vc_row][vc_column][vc_column_text] El Grup Municipal Socialista d\u2019Andratx ha avan\u00e7at el seu vot negatiu als comptes, ja que \u201cs\u00f3n irreals i no defensen les necessitats dels andritxols i andritxoles\u201d [\/vc_column_text][\/vc_column][\/vc_row][vc_row][vc_column width=&#8221;1\/2&#8243;][vc_column_text]El Grup Municipal Socialista d&#8217;Andratx ha avan\u00e7at el seu vot negatiu als pressuposts per al 2023 que ha presentat el &#8220;pacte de la propaganda&#8221;&hellip;<\/p>\n","protected":false},"author":4,"featured_media":27158,"comment_status":"open","ping_status":"open","sticky":false,"template":"","format":"standard","meta":{"footnotes":""},"categories":[90,92],"tags":[220,219,84],"class_list":["post-27157","post","type-post","status-publish","format-standard","has-post-thumbnail","hentry","category-municipis","category-portada","tag-agrupaciop-socialista-dandratx","tag-andratx","tag-psib-psoe"],"_links":{"self":[{"href":"https:\/\/www.psib-psoe.org\/mallorca\/wp-json\/wp\/v2\/posts\/27157"}],"collection":[{"href":"https:\/\/www.psib-psoe.org\/mallorca\/wp-json\/wp\/v2\/posts"}],"about":[{"href":"https:\/\/www.psib-psoe.org\/mallorca\/wp-json\/wp\/v2\/types\/post"}],"author":[{"embeddable":true,"href":"https:\/\/www.psib-psoe.org\/mallorca\/wp-json\/wp\/v2\/users\/4"}],"replies":[{"embeddable":true,"href":"https:\/\/www.psib-psoe.org\/mallorca\/wp-json\/wp\/v2\/comments?post=27157"}],"version-history":[{"count":0,"href":"https:\/\/www.psib-psoe.org\/mallorca\/wp-json\/wp\/v2\/posts\/27157\/revisions"}],"wp:featuredmedia":[{"embeddable":true,"href":"https:\/\/www.psib-psoe.org\/mallorca\/wp-json\/wp\/v2\/media\/27158"}],"wp:attachment":[{"href":"https:\/\/www.psib-psoe.org\/mallorca\/wp-json\/wp\/v2\/media?parent=27157"}],"wp:term":[{"taxonomy":"category","embeddable":true,"href":"https:\/\/www.psib-psoe.org\/mallorca\/wp-json\/wp\/v2\/categories?post=27157"},{"taxonomy":"post_tag","embeddable":true,"href":"https:\/\/www.psib-psoe.org\/mallorca\/wp-json\/wp\/v2\/tags?post=27157"}],"curies":[{"name":"wp","href":"https:\/\/api.w.org\/{rel}","templated":true}]}}