{"id":27240,"date":"2022-12-09T14:14:10","date_gmt":"2022-12-09T12:14:10","guid":{"rendered":"http:\/\/www.psib-psoe.org\/mallorca\/?p=27240"},"modified":"2022-12-09T14:14:10","modified_gmt":"2022-12-09T12:14:10","slug":"pep-jaume-pep-gall-anuncia-la-seva-candidatura-per-revalidar-batlia-a-sant-llorenc-a-les-eleccions-del-maig-de-2023","status":"publish","type":"post","link":"https:\/\/www.psib-psoe.org\/mallorca\/pep-jaume-pep-gall-anuncia-la-seva-candidatura-per-revalidar-batlia-a-sant-llorenc-a-les-eleccions-del-maig-de-2023\/","title":{"rendered":"Pep Jaume \u2018Pep Gall\u2019 anuncia la seva candidatura per revalidar batlia a Sant Lloren\u00e7 a les eleccions del maig de 2023"},"content":{"rendered":"<div class=\"wpb-content-wrapper\">[vc_row][vc_column][vc_single_image image=&#8221;27241&#8243; img_size=&#8221;full&#8221; alignment=&#8221;center&#8221;][\/vc_column][\/vc_row][vc_row][vc_column][vc_column_text]<em><u>Pep Jaume: \u201cPresent la meva candidatura perqu\u00e8 vull continuar fent feina per Sant Lloren\u00e7 des de la batlia i acabar amb els projectes comen\u00e7ats\u201d<\/u><\/em>[\/vc_column_text][\/vc_column][\/vc_row][vc_row][vc_column width=&#8221;1\/2&#8243;][vc_column_text]L\u2019actual batle de Sant Lloren\u00e7 des Cardassar, Pep Jaume, ha anunciat davant militants i simpatitzants del PSIB-PSOE que presenta la seva candidatura en les eleccions del maig de 2023. La secret\u00e0ria general de la Federaci\u00f3 Socialista de Mallorca, Catalina Cladera, ha acompanyat a Jaume en aquest anunci.<\/p>\n<p>Jaume ha comen\u00e7at la seva intervenci\u00f3 davant els militants i simpatitzants socialistes destacant que presenta la seva candidatura per \u201ccontinuar fent feina per Sant Lloren\u00e7 des de la batlia i acabar els projectes comen\u00e7ats\u201d.<\/p>\n<p>Alguns dels projectes que ha destacat Jaume amb els que vol continuar fent feina s\u00f3n l\u2019escola de Son Carri\u00f3, l\u2019escoleta de Ca Ses Monges o reclamar un institut i un PAC pel poble.<\/p>\n<p>Pep Jaume va assolir la batlia de Sant Lloren\u00e7 el novembre de 2021 despr\u00e9s de 26 anys seguits de la mateixa batlia. D\u2019aquest any, Jaume ha posat en valor la \u201ctasca integradora de tots els nuclis del municipi perqu\u00e8 tots els habitants de Sant Lloren\u00e7 se sentin d\u2019un mateix poble\u201d.[\/vc_column_text][\/vc_column][vc_column width=&#8221;1\/2&#8243;][vc_column_text]La secret\u00e0ria general de la Federaci\u00f3 Socialista de Mallorca, Catalina Cladera, ha volgut acompanyar a Jaume en el seu anunci i li ha agra\u00eft que tengui l\u2019empenta per tornar a presentar-se a m\u00e9s, ha remarcat \u00a0la tasca que ha fet com a batle. \u201cEls socialistes canviam la hist\u00f2ria, aqu\u00ed ho sabeu de primera m\u00e0. Despr\u00e9s de 26 anys de la mateixa batlia, en Pep i el Partit Socialista, va aconseguir la batlia del municipi\u201d ha assenyalat Cladera.<\/p>\n<p>A m\u00e9s, Cladera ha comentat que, tant en Pep com tota l\u2019Agrupaci\u00f3 Socialista de Sant Lloren\u00e7, tindran el suport de la Federaci\u00f3 Socialista de Mallorca. A part de la secret\u00e0ria general de l\u2019FSM, Catalina Cladera, han acompanyat a Jaume el secretari d\u2019organitzaci\u00f3 del PSIB-PSOE, Cosme Bonet i la secret\u00e0ria d\u2019organitzaci\u00f3 de l\u2019FSM, Ant\u00f2nia Sastre\u201d.[\/vc_column_text][\/vc_column][\/vc_row]\n<\/div>","protected":false},"excerpt":{"rendered":"<p>[vc_row][vc_column][vc_single_image image=&#8221;27241&#8243; img_size=&#8221;full&#8221; alignment=&#8221;center&#8221;][\/vc_column][\/vc_row][vc_row][vc_column][vc_column_text]Pep Jaume: \u201cPresent la meva candidatura perqu\u00e8 vull continuar fent feina per Sant Lloren\u00e7 des de la batlia i acabar amb els projectes comen\u00e7ats\u201d[\/vc_column_text][\/vc_column][\/vc_row][vc_row][vc_column width=&#8221;1\/2&#8243;][vc_column_text]L\u2019actual batle de Sant Lloren\u00e7 des Cardassar, Pep Jaume, ha anunciat davant militants i simpatitzants del PSIB-PSOE que presenta la seva candidatura en les eleccions del maig de&hellip;<\/p>\n","protected":false},"author":6,"featured_media":27241,"comment_status":"open","ping_status":"open","sticky":false,"template":"","format":"standard","meta":{"footnotes":""},"categories":[90,92],"tags":[227,105,106,416,415,84],"class_list":["post-27240","post","type-post","status-publish","format-standard","has-post-thumbnail","hentry","category-municipis","category-portada","tag-antonia-sastre","tag-catalina-cladera","tag-cosme-bonet","tag-pep-gall","tag-pep-jaume","tag-psib-psoe"],"_links":{"self":[{"href":"https:\/\/www.psib-psoe.org\/mallorca\/wp-json\/wp\/v2\/posts\/27240"}],"collection":[{"href":"https:\/\/www.psib-psoe.org\/mallorca\/wp-json\/wp\/v2\/posts"}],"about":[{"href":"https:\/\/www.psib-psoe.org\/mallorca\/wp-json\/wp\/v2\/types\/post"}],"author":[{"embeddable":true,"href":"https:\/\/www.psib-psoe.org\/mallorca\/wp-json\/wp\/v2\/users\/6"}],"replies":[{"embeddable":true,"href":"https:\/\/www.psib-psoe.org\/mallorca\/wp-json\/wp\/v2\/comments?post=27240"}],"version-history":[{"count":0,"href":"https:\/\/www.psib-psoe.org\/mallorca\/wp-json\/wp\/v2\/posts\/27240\/revisions"}],"wp:featuredmedia":[{"embeddable":true,"href":"https:\/\/www.psib-psoe.org\/mallorca\/wp-json\/wp\/v2\/media\/27241"}],"wp:attachment":[{"href":"https:\/\/www.psib-psoe.org\/mallorca\/wp-json\/wp\/v2\/media?parent=27240"}],"wp:term":[{"taxonomy":"category","embeddable":true,"href":"https:\/\/www.psib-psoe.org\/mallorca\/wp-json\/wp\/v2\/categories?post=27240"},{"taxonomy":"post_tag","embeddable":true,"href":"https:\/\/www.psib-psoe.org\/mallorca\/wp-json\/wp\/v2\/tags?post=27240"}],"curies":[{"name":"wp","href":"https:\/\/api.w.org\/{rel}","templated":true}]}}