{"id":27249,"date":"2022-12-16T23:57:48","date_gmt":"2022-12-16T21:57:48","guid":{"rendered":"http:\/\/www.psib-psoe.org\/mallorca\/?p=27249"},"modified":"2022-12-17T00:06:15","modified_gmt":"2022-12-16T22:06:15","slug":"francina-armengol-tenim-mes-forca-que-mai-i-un-projecte-de-futur-per-a-les-illes-balears-que-ens-fara-tornar-a-governar-a-les-diferents-institucions","status":"publish","type":"post","link":"https:\/\/www.psib-psoe.org\/mallorca\/francina-armengol-tenim-mes-forca-que-mai-i-un-projecte-de-futur-per-a-les-illes-balears-que-ens-fara-tornar-a-governar-a-les-diferents-institucions\/","title":{"rendered":"Francina Armengol: \u201cTenim m\u00e9s for\u00e7a que mai i un projecte de futur per a les Illes Balears que ens far\u00e0 tornar a governar a les diferents institucions\u201d"},"content":{"rendered":"<div class=\"wpb-content-wrapper\">[vc_row][vc_column][vc_single_image image=&#8221;27252&#8243; img_size=&#8221;full&#8221; alignment=&#8221;center&#8221;][\/vc_column][\/vc_row][vc_row][vc_column][vc_column_text]<em><u>M\u00e9s de 1000 socialistes es reuneixen per celebrar el tradicional sopar de Nadal de la Federaci\u00f3 Socialista de Mallorca i agafar forces per l\u2019any electoral<\/u><\/em>[\/vc_column_text][\/vc_column][\/vc_row][vc_row][vc_column width=&#8221;1\/2&#8243;][vc_column_text]M\u00e9s de 1000 militants i simpatitzants socialistes han omplert el sopar de Nadal de la Federaci\u00f3 Socialista de Mallorca, el qual ha comptat amb la participaci\u00f3 de la secret\u00e0ria general del PSIB-PSOE, Francina Armengol; la secret\u00e0ria general dels Socialistes de Mallorca, Catalina Cladera i la secret\u00e0ria general dels Socialistes de Manacor, N\u00faria Hinojosa.<\/p>\n<p>La secret\u00e0ria general del PSIB-PSOE, Francina Armengol, ha comen\u00e7at el seu discurs reconeixent que \u201cha estat un any intens\u201d per\u00f2 que els i les socialistes \u201chem estat a l\u2019altura del que s\u2019esperava de nosaltres\u201d. Davant les crisis provocades per la COVID-19 i la guerra d\u2019Ucra\u00efna, Armengol ha assenyalat que \u201cels socialistes no ens hem quedat de mans plegades i hem presentat ajudes per ajudar a la ciutadania, especialment a la classe mitjana i treballadora\u201d.<\/p>\n<p>Armengol ha destacat el nou escut social que s\u2019ha posat en marxa des del govern balear perqu\u00e8 \u201cno es quedi ning\u00fa enrere\u201d. \u201cS\u00f3n 25 mesures i fins a 200 milions d\u2019euros per ajudar a fam\u00edlies, joves, treballadors i treballadores\u201d ha afegit la secret\u00e0ria general del PSIB-PSOE.<\/p>\n<p>La presidenta del govern balear ha declarat que aquesta recuperaci\u00f3 no hagu\u00e9s estat possible sense \u201cel Partit Socialista de les Illes Balears i tots els governants socialistes, ja sigui Catalina Cladera al Consell de Mallorca, els batles i batlesses socialistes. Tamb\u00e9, gr\u00e0cies al govern d\u2019Espanya liderat pel president Pedro S\u00e1nchez\u201d.<\/p>\n<p>Per acabar, Francina Armengol ha encoratjat a tots els presents de cara a les eleccions del maig de 2023 i ha comentat que \u201ctenim m\u00e9s for\u00e7a que mai. I aquesta for\u00e7a \u00e9s la que ens ha de fer tornar a guanyar a les urnes i tornar a pintar les illes de vermell, carrer a carrer, poble a poble, illa a illa, per continuar millorant la vida de la gent. Tenim un projecte de futur per a les Illes Balears que ens far\u00e0 tornar a governar a les diferents institucions\u201d.[\/vc_column_text][\/vc_column][vc_column width=&#8221;1\/2&#8243;][vc_column_text]Per la seva banda, la secret\u00e0ria general de la Federaci\u00f3 Socialista de Mallorca, Catalina Cladera, s\u2019ha mostrat molt satisfeta amb la celebraci\u00f3 del sopar de Nadal tres anys despr\u00e9s \u201c\u00e9s un dels actes m\u00e9s important de la Federaci\u00f3 Socialista de Mallorca, i que s\u2019ha convertit en un s\u00edmbol de germanor pel nostre partit\u201d ha declarat.<\/p>\n<p>Cladera ha dedicat part del seu discurs als pressuposts que s\u2019estan aprovant aquestes setmanes a les diferents institucions. \u201cEls pressuposts ens permeten complir amb les promeses i fer les nostres pol\u00edtiques. Els i les socialistes sabem de la seva import\u00e0ncia, per aix\u00f2, tanquem els pressuposts en temps i forma. Complim amb els terminis i amb la ciutadania a la qual representem\u201d ha comentat.<\/p>\n<p>Per \u00faltim, Cladera ha fet inc\u00eds en qu\u00e8 \u201cqueden cinc mesos per a les eleccions, cinc mesos apassionats de molta feina. Si estem units, no tenim l\u00edmits. Amb l\u2019esfor\u00e7 de tots i totes, el maig del 2023 farem hist\u00f2ria en aquesta comunitat aut\u00f2noma\u201d.<\/p>\n<p>La secret\u00e0ria general de l\u2019Agrupaci\u00f3 Socialista de Manacor, N\u00faria Hinojosa, ha donat la benvinguda als assistents i ha donat pas a les dues presidentes. Els socialistes de Manacor han estat els encarregats de dinamitzar el sopar, ja que l\u2019acte s\u2019ha celebrat en un establiment situat al municipi.[\/vc_column_text][\/vc_column][\/vc_row]\n<\/div>","protected":false},"excerpt":{"rendered":"<p>[vc_row][vc_column][vc_single_image image=&#8221;27252&#8243; img_size=&#8221;full&#8221; alignment=&#8221;center&#8221;][\/vc_column][\/vc_row][vc_row][vc_column][vc_column_text]M\u00e9s de 1000 socialistes es reuneixen per celebrar el tradicional sopar de Nadal de la Federaci\u00f3 Socialista de Mallorca i agafar forces per l\u2019any electoral[\/vc_column_text][\/vc_column][\/vc_row][vc_row][vc_column width=&#8221;1\/2&#8243;][vc_column_text]M\u00e9s de 1000 militants i simpatitzants socialistes han omplert el sopar de Nadal de la Federaci\u00f3 Socialista de Mallorca, el qual ha comptat amb la participaci\u00f3 de&hellip;<\/p>\n","protected":false},"author":6,"featured_media":0,"comment_status":"open","ping_status":"open","sticky":false,"template":"","format":"standard","meta":{"footnotes":""},"categories":[2,1,92],"tags":[105,315,160,393,417,418,392,84,419],"class_list":["post-27249","post","type-post","status-publish","format-standard","hentry","category-federacio-de-mallorca","category-federacio-de-mallorca-portada","category-portada","tag-catalina-cladera","tag-francina-armengol","tag-mallorca","tag-manacor","tag-nadal","tag-navidad","tag-nuria-hinojosa","tag-psib-psoe","tag-sopar-de-nadal"],"_links":{"self":[{"href":"https:\/\/www.psib-psoe.org\/mallorca\/wp-json\/wp\/v2\/posts\/27249"}],"collection":[{"href":"https:\/\/www.psib-psoe.org\/mallorca\/wp-json\/wp\/v2\/posts"}],"about":[{"href":"https:\/\/www.psib-psoe.org\/mallorca\/wp-json\/wp\/v2\/types\/post"}],"author":[{"embeddable":true,"href":"https:\/\/www.psib-psoe.org\/mallorca\/wp-json\/wp\/v2\/users\/6"}],"replies":[{"embeddable":true,"href":"https:\/\/www.psib-psoe.org\/mallorca\/wp-json\/wp\/v2\/comments?post=27249"}],"version-history":[{"count":0,"href":"https:\/\/www.psib-psoe.org\/mallorca\/wp-json\/wp\/v2\/posts\/27249\/revisions"}],"wp:attachment":[{"href":"https:\/\/www.psib-psoe.org\/mallorca\/wp-json\/wp\/v2\/media?parent=27249"}],"wp:term":[{"taxonomy":"category","embeddable":true,"href":"https:\/\/www.psib-psoe.org\/mallorca\/wp-json\/wp\/v2\/categories?post=27249"},{"taxonomy":"post_tag","embeddable":true,"href":"https:\/\/www.psib-psoe.org\/mallorca\/wp-json\/wp\/v2\/tags?post=27249"}],"curies":[{"name":"wp","href":"https:\/\/api.w.org\/{rel}","templated":true}]}}