{"id":27263,"date":"2023-01-15T12:07:19","date_gmt":"2023-01-15T10:07:19","guid":{"rendered":"http:\/\/www.psib-psoe.org\/mallorca\/?p=27263"},"modified":"2023-01-15T12:07:19","modified_gmt":"2023-01-15T10:07:19","slug":"barbara-rebassa-millor-candidata-alcudia-gestio-batlia-es-un-exemple","status":"publish","type":"post","link":"https:\/\/www.psib-psoe.org\/mallorca\/barbara-rebassa-millor-candidata-alcudia-gestio-batlia-es-un-exemple\/","title":{"rendered":"Catalina Cladera: \u201cB\u00e0rbara Rebassa \u00e9s la millor candidata per a Alc\u00fadia que podr\u00edem tenir; la seva gesti\u00f3 des de la batlia aquesta legislatura \u00e9s un exemple\u201d"},"content":{"rendered":"<div class=\"wpb-content-wrapper\">[vc_row][vc_column][vc_single_image image=&#8221;27264&#8243; img_size=&#8221;full&#8221; alignment=&#8221;center&#8221;][\/vc_column][\/vc_row][vc_row][vc_column][vc_column_text]<em><u>M\u00e9s de 200 militants i simpatitzants del PSIB-PSOE es reuneixen per mostrar el seu suport a la candidata a la batlia d\u2019Alc\u00fadia, B\u00e0rbara Rebassa<\/u><\/em>[\/vc_column_text][\/vc_column][\/vc_row][vc_row][vc_column width=&#8221;1\/2&#8243;][vc_column_text]M\u00e9s de 200 militants i simpatitzants socialistes s\u2019han reunit a la pla\u00e7a de Cas Vicari del Port d\u2019Alc\u00fadia per mostrar el seu suport a la candidata socialista a la batlia d\u2019Alc\u00fadia en les eleccions de maig de 2023, B\u00e0rbara Rebassa. La secret\u00e0ria general de la Federaci\u00f3 Socialista de Mallorca, Catalina Cladera ha acompanyat a Rebassa en la seva presentaci\u00f3, en la qual ha destacat que \u201c\u00e9s la millor candidata que podr\u00edem tenir\u201d.<\/p>\n<p>Cladera ha comen\u00e7at el seu discurs remarcant la gesti\u00f3 feta de Rebassa en els tres primers anys de legislatura des de la batlia (el darrer any va haver de deixar la batlia per complir amb el pacte). \u201cLa gesti\u00f3 de na B\u00e0rbara des de la batlia \u00e9s un exemple, li ha tocat gestionar una pand\u00e8mia i recuperar el teixit empresarial d\u2019Alc\u00fadia, i ho ha aconseguit, la recuperaci\u00f3 s\u2019ha fet en temps r\u00e8cord\u201d ha comentat Cladera.<\/p>\n<p>La secret\u00e0ria general de la Federaci\u00f3 Socialista de Mallorca, Catalina Cladera, ha posat en valor algunes de les gestions que s\u2019han dut a terme a Alc\u00fadia des del Govern de les Illes Balears o el Consell de Mallorca aquesta legislatura. Actuacions com la construcci\u00f3 de l\u2019escola d\u2019infantil i prim\u00e0ria o la compra de la tanca de can Dom\u00e8nec.<\/p>\n<p>Una de les actuacions m\u00e9s destacades a Alc\u00fadia per part del Consell de Mallorca \u00e9s la compra de la central t\u00e8rmica d\u2019Alcanada. \u201cGr\u00e0cies a l\u2019esfor\u00e7 de na B\u00e0rbara, aquesta legislatura hem pogut comprar l\u2019antiga central t\u00e8rmica d\u2019Alcanada. Aix\u00f2 ens permetr\u00e0 iniciar un projecte de descarbonitzaci\u00f3 de la mar\u201d ha assenyalat Cladera.<\/p>\n<p>Durant el seu discurs, Cladera ha remarcat alguns projectes estrat\u00e8gics lligats al turisme que es faran a Alc\u00fadia com l\u2019Escola d\u2019Hoteleria o l\u2019Escola N\u00e0utica. Tamb\u00e9 ha fet inc\u00eds amb la feina de l\u2019alcudienc i secretari general de l\u2019Agrupaci\u00f3 Socialista d\u2019Alc\u00fadia, Joan Gaspar Vallori com a director insular de Transici\u00f3 i Ordenaci\u00f3 Tur\u00edstica.[\/vc_column_text][\/vc_column][vc_column width=&#8221;1\/2&#8243;][vc_column_text]\u201cGr\u00e0cies a la feina d\u2019en Joan Gaspar desenvoluparem el Projecte Internacional de Regates amb una inversi\u00f3 de 3 milions d\u2019euros de Fons Europeus de Turisme. Aix\u00ed com, 1,5 milions d\u2019euros del CBAT per dos projectes per gestionar zones tur\u00edstiques madures\u201d ha ressaltat Cladera.<\/p>\n<p>Per la seva banda, Rebassa s\u2019ha mostrat \u201camb for\u00e7a i il\u00b7lusi\u00f3 per seguir transformant Alc\u00fadia\u201d, despr\u00e9s de refermar el seu comprom\u00eds amb continuar la tasca iniciada pels companys Antoni Alemany i Toni Bibiloni \u201cen la modernitzaci\u00f3 profunda del municipi\u201d.<\/p>\n<p>\u201cEm present perqu\u00e8 tenc el deute d\u2019oferir a la societat solucions i projectes de futur\u201d, ha expressat Rebassa despr\u00e9s de ressaltar que, com a \u201cdona socialista i progressista, crec que les persones han d\u2019estar en el centre de les pol\u00edtiques i jo sempre estar\u00e9 al costat de la gent\u201d.<\/p>\n<p>A l\u2019acte de presentaci\u00f3 tamb\u00e9 ha acudit, en representaci\u00f3 del PSIB-PSOE, la secret\u00e0ria de Finan\u00e7ament i Insularitat i consellera d\u2019Hisenda i Relacions Exteriors del Govern de les Illes Balears, Rosari S\u00e1nchez, qui ha agra\u00eft a Rebassa que faci la passa de ser de nou la candidata socialista a la batlia d\u2019Alc\u00fadia.<\/p>\n<p>\u201cGr\u00e0cies per la valentia i el coratge de tornar a posar-te al capdavant del partit per oferir-te a la ciutadania per estar el seu servei\u201d, ha dit S\u00e1nchez a Rebassa, tot destacant la \u201cvocaci\u00f3 de servei\u201d de qui ha estat la primera batlessa progressista del municipi.[\/vc_column_text][\/vc_column][\/vc_row]\n<\/div>","protected":false},"excerpt":{"rendered":"<p>[vc_row][vc_column][vc_single_image image=&#8221;27264&#8243; img_size=&#8221;full&#8221; alignment=&#8221;center&#8221;][\/vc_column][\/vc_row][vc_row][vc_column][vc_column_text]M\u00e9s de 200 militants i simpatitzants del PSIB-PSOE es reuneixen per mostrar el seu suport a la candidata a la batlia d\u2019Alc\u00fadia, B\u00e0rbara Rebassa[\/vc_column_text][\/vc_column][\/vc_row][vc_row][vc_column width=&#8221;1\/2&#8243;][vc_column_text]M\u00e9s de 200 militants i simpatitzants socialistes s\u2019han reunit a la pla\u00e7a de Cas Vicari del Port d\u2019Alc\u00fadia per mostrar el seu suport a la candidata socialista a&hellip;<\/p>\n","protected":false},"author":3,"featured_media":27264,"comment_status":"open","ping_status":"open","sticky":false,"template":"","format":"standard","meta":{"footnotes":""},"categories":[2,90,92],"tags":[301,349,105],"class_list":["post-27263","post","type-post","status-publish","format-standard","has-post-thumbnail","hentry","category-federacio-de-mallorca","category-municipis","category-portada","tag-alcudia","tag-barbara-rebassa","tag-catalina-cladera"],"_links":{"self":[{"href":"https:\/\/www.psib-psoe.org\/mallorca\/wp-json\/wp\/v2\/posts\/27263"}],"collection":[{"href":"https:\/\/www.psib-psoe.org\/mallorca\/wp-json\/wp\/v2\/posts"}],"about":[{"href":"https:\/\/www.psib-psoe.org\/mallorca\/wp-json\/wp\/v2\/types\/post"}],"author":[{"embeddable":true,"href":"https:\/\/www.psib-psoe.org\/mallorca\/wp-json\/wp\/v2\/users\/3"}],"replies":[{"embeddable":true,"href":"https:\/\/www.psib-psoe.org\/mallorca\/wp-json\/wp\/v2\/comments?post=27263"}],"version-history":[{"count":0,"href":"https:\/\/www.psib-psoe.org\/mallorca\/wp-json\/wp\/v2\/posts\/27263\/revisions"}],"wp:featuredmedia":[{"embeddable":true,"href":"https:\/\/www.psib-psoe.org\/mallorca\/wp-json\/wp\/v2\/media\/27264"}],"wp:attachment":[{"href":"https:\/\/www.psib-psoe.org\/mallorca\/wp-json\/wp\/v2\/media?parent=27263"}],"wp:term":[{"taxonomy":"category","embeddable":true,"href":"https:\/\/www.psib-psoe.org\/mallorca\/wp-json\/wp\/v2\/categories?post=27263"},{"taxonomy":"post_tag","embeddable":true,"href":"https:\/\/www.psib-psoe.org\/mallorca\/wp-json\/wp\/v2\/tags?post=27263"}],"curies":[{"name":"wp","href":"https:\/\/api.w.org\/{rel}","templated":true}]}}