{"id":27313,"date":"2023-02-11T16:19:42","date_gmt":"2023-02-11T14:19:42","guid":{"rendered":"https:\/\/www.psib-psoe.org\/mallorca\/?p=27313"},"modified":"2023-02-11T16:19:42","modified_gmt":"2023-02-11T14:19:42","slug":"la-ministra-rodriguez-reivindica-el-psib-psoe-com-lunic-partit-que-representa-una-garantia-de-futur-per-a-la-ciutadania-de-les-illes-balears","status":"publish","type":"post","link":"https:\/\/www.psib-psoe.org\/mallorca\/la-ministra-rodriguez-reivindica-el-psib-psoe-com-lunic-partit-que-representa-una-garantia-de-futur-per-a-la-ciutadania-de-les-illes-balears\/","title":{"rendered":"La ministra Rodr\u00edguez reivindica el PSIB-PSOE com l\u2019\u00fanic partit que representa \u201cuna garantia de futur per a la ciutadania\u201d de les Illes Balears"},"content":{"rendered":"<div class=\"row wpb_row row-fluid img_noticia\">\n<div class=\"wpb_column columns small-12 medium-6 thb-dark-column\">\n<div class=\"vc_column-inner  \">\n<div class=\"wpb_wrapper\">\n<div class=\"wpb_single_image wpb_content_element vc_align_center  vc_custom_1676117721579\">\n<figure class=\"wpb_wrapper vc_figure\">\n<div class=\"vc_single_image-wrapper   vc_box_border_grey\"><img loading=\"lazy\" decoding=\"async\" width=\"1600\" height=\"1066\" src=\"https:\/\/www.psib-psoe.org\/wp-content\/uploads\/20230211_CONVENCIO-MUNICIPAL-MALLORCA-4.jpg\" class=\"vc_single_image-img attachment-full\" alt=\"\" \/><\/div>\n<\/figure><\/div>\n<\/div>\n<\/div>\n<\/div>\n<div class=\"wpb_column columns small-12 medium-6 thb-dark-column\">\n<div class=\"vc_column-inner  \">\n<div class=\"wpb_wrapper\">\n<div class=\"wpb_single_image wpb_content_element vc_align_center  vc_custom_1676117738327\">\n<figure class=\"wpb_wrapper vc_figure\">\n<div class=\"vc_single_image-wrapper   vc_box_border_grey\"><img loading=\"lazy\" decoding=\"async\" width=\"1600\" height=\"1064\" src=\"https:\/\/www.psib-psoe.org\/wp-content\/uploads\/20230211_CONVENCIO-MUNICIPAL-MALLORCA-3.jpg\" class=\"vc_single_image-img attachment-full\" alt=\"\" \/><\/div>\n<\/figure><\/div>\n<\/div>\n<\/div>\n<\/div>\n<\/div>\n<div class=\"row wpb_row row-fluid intro full-width-row vc_custom_1558336094678\">\n<div class=\"col_izq wpb_column columns small-12 medium-12 thb-dark-column\">\n<div class=\"vc_column-inner  \">\n<div class=\"wpb_wrapper\">\n<div class=\"wpb_text_column wpb_content_element  \">\n<div class=\"wpb_wrapper\">\n<p><em><u>Armengol, Cladera i la ministra de Pol\u00edtica Territorial i portaveu del Govern d\u2019Espanya han inaugurat la Convenci\u00f3 Municipal de la Federaci\u00f3 Socialista de Mallorca<\/u><\/em><\/p>\n<\/p><\/div><\/div>\n<\/div>\n<\/div>\n<\/div>\n<\/div>\n<div class=\"row wpb_row row-fluid full-width-row\">\n<div class=\"col_izq wpb_column columns small-12 medium-6 thb-dark-column\">\n<div class=\"vc_column-inner  \">\n<div class=\"wpb_wrapper\">\n<div class=\"wpb_text_column wpb_content_element  \">\n<div class=\"wpb_wrapper\">\n<p>La ministra de Pol\u00edtica Territorial i portaveu del Govern d\u2019Espanya, Isabel Rodr\u00edguez, ha reivindicat el PSOE com a l\u2019\u00fanic partit amb capacitat d\u2019aportar un projecte \u201camb idees, il\u00b7lusionant i esperan\u00e7ador\u201d per a la gent i tamb\u00e9 l\u2019\u00fanic que representa \u201cuna garantia de futur per a la ciutadania\u201d de les Illes Balears.<\/p>\n<p>Rodr\u00edguez ha intervingut en la inauguraci\u00f3 de la Convenci\u00f3 Municipal de la Federaci\u00f3 Socialista de Mallorca, que ha reunit a Algaida prop de 300 c\u00e0rrecs institucionals i org\u00e0nics del partit, encap\u00e7alats pels candidats i candidates municipals a les eleccions dels 28 de maig. Tamb\u00e9 han intervingut en la inauguraci\u00f3 les presidentes del Govern de les Illes Balears i del Consell de Mallorca, Francina Armengol i Catalina Cladera, i la candidata a la batlia d\u2019Algaida, Marga Fullana.<\/p>\n<p>En aquest acte, la ministra socialista ha ressaltat que \u201cnom\u00e9s en el color vermell del PSOE hi ha esperan\u00e7a en el futur\u201d i ha encoratjat els candidats municipals a continuar fent feina \u201cmirant als ulls als ciutadans i amb el cap ben alt\u201d, per continuar \u201cacompanyant la gent com hem fet durant m\u00e9s de 140 anys\u201d.<\/p>\n<p>Tamb\u00e9 ha tengut paraules per a les presidentes Armengol i Cladera i per a totes les dones que encap\u00e7alaran llistes als municipis. \u201cM\u2019agrada veure com les dones socialistes, quan estam en pol\u00edtica, venim a canviar les coses\u201d. En particular, sobre la presidenta Armengol, ha real\u00e7at com la socialista ha canviat la manera de fer pol\u00edtica a Balears i ha reconegut que \u00e9s \u201cuna refer\u00e8ncia per a mi\u201d.<\/p>\n<p>La ministra tamb\u00e9 ha tengut paraules d\u2019agra\u00efment no nom\u00e9s per als batles i batlesses socialistes, sin\u00f3 tamb\u00e9 per als equips de regidors i regidores. \u201cSom el govern de la gent i de la majoria social, i aquesta legislatura ha quedat m\u00e9s clar que mai\u201d, ha dit.<\/p>\n<p>Per la seva banda, la Secret\u00e0ria General del PSIB-PSOE i presidenta del Govern de les Illes Balears, Francina Armengol, ha reconegut la \u201cmagn\u00edfica feina de la Federaci\u00f3 Socialista de Mallorca i de Catalina Caldera, perqu\u00e8 tenguem candidatures a tots els municipis de l\u2019illa\u201d, i els ha agra\u00eft \u201cl\u2019empenta i la for\u00e7a\u201d.<\/p>\n<p>\u201cSom un partit que feim el que deim, per aix\u00f2 \u00e9s important\u00edssim tenir socialistes a tots els municipis de les illes per defensar la for\u00e7a d\u2019un partit que t\u00e9 m\u00e9s present que mai i que \u00e9s garantia de futur\u201d, ha remarcat Armengol.<\/p>\n<p>Precisament, avui els Socialistes de Mallorca presenten el document marc de la seva confer\u00e8ncia pol\u00edtica, la Convenci\u00f3 Mallorca 2030, l\u2019acte central de la qual ser\u00e0 l\u20191 d\u2019abril. \u201cTenim les persones, tenim la for\u00e7a d\u2019homes i dones valentes que acumulen experi\u00e8ncia, presenti i futur, i tamb\u00e9 tenim les idees, que \u00e9s el m\u00e9s important\u201d, ha insistit Armengol.<\/p>\n<p>Relacionat amb aix\u00f2, ha recordat que les idees s\u00f3n l\u2019element diferenciador del Partit Socialista respecte de la dreta. \u201cNosaltres volem governar per fer coses concretes que explicam, per\u00f2 el PP mai no diu qu\u00e8 vol fer i no sabem per qu\u00e8 no ho expliquen\u201d, ha criticat la socialista, abans de sentenciar que \u201cja sabem qu\u00e8 signifiquen els governs de dretes per a aquestes illes\u201d.<\/p>\n<\/p><\/div><\/div>\n<\/div>\n<\/div>\n<\/div>\n<div class=\"col_dcha wpb_column columns small-12 medium-6 thb-dark-column\">\n<div class=\"vc_column-inner  \">\n<div class=\"wpb_wrapper\">\n<div class=\"wpb_text_column wpb_content_element  \">\n<div class=\"wpb_wrapper\">\n<p>Cladera, per part seva, ha emfasitzat que \u201camb el poder municipal que tenim els socialistes som i serem imbatibles\u201d, posant d\u2019exemple el municipi d\u2019Algaida, on fa 32 anys que s\u2019encadenen batlies socialistes. \u201cEstic conven\u00e7uda que Marga Fullana continuar\u00e0 amb aquesta tradici\u00f3, que Algaida seguir\u00e0 sent socialista, i aquesta vegada amb majoria absoluta\u201d, ha dit la Secret\u00e0ria General dels Socialistes de Mallorca.<\/p>\n<p>La tamb\u00e9 presidenta del Consell de Mallorca ha remarcat que els socialistes \u201csortim a guanyar les eleccions del 28 de maig i el nostre millor aval \u00e9s la for\u00e7a dels candidats i candidates municipals i els projectes que tenen per a la ciutadania, perqu\u00e8 no se\u2019ns acaben les idees\u201d.<\/p>\n<p>Finalment, la candidata socialista a la batlia d\u2019Algaida, Marga Fullana, ha expressat que \u201caquest municipi seguir\u00e0 avan\u00e7ant gr\u00e0cies a la gesti\u00f3 socialista\u201d, perqu\u00e8 governs com el d\u2019Armengol i Cladera esta demostrant \u201cque es pot governar per fer la vida m\u00e9s f\u00e0cil, digna i justa\u201d.<\/p>\n<p><strong>\u201cAvan\u00e7am gr\u00e0cies al PSOE i malgrat les travetes del PP\u201d<\/strong><\/p>\n<p>Rodr\u00edguez ha insistit que nom\u00e9s avan\u00e7am de la m\u00e0 de governs socialistes i tot i els intents de la dreta de frenar els aven\u00e7os m\u00e9s importants. \u201cEm sorpr\u00e8n escoltar ara que el PP se suma a aix\u00f2 d\u2019avan\u00e7ar\u201d, en refer\u00e8ncia a la decisi\u00f3 del Tribunal Constitucional de tombar el recurs que fa 13 anys interpos\u00e0 el PP a la llei de l\u2019avortament.<\/p>\n<p>La ministra, com tamb\u00e9 Armengol, han criticat que el PP hagi estat en contra de tot i que l\u2019\u00fanica pol\u00edtica que s\u00e0piguen fer sigui \u201cfer la traveta, oposar-se a totes les mesures i intentar generar por entre la ciutadania per paralitzar el pa\u00eds\u201d.<\/p>\n<p><strong>Bones pr\u00e0ctiques socialistes i Convenci\u00f3 Mallorca 2023<\/strong><\/p>\n<p>La Convenci\u00f3 Municipal dels Socialistes de Mallorca ha continuat despr\u00e9s de la inauguraci\u00f3 amb dos grans blocs de formaci\u00f3.<\/p>\n<p>El primer, amb dues taules rodones de bones pr\u00e0ctiques de la gesti\u00f3 socialista a Mallorca. En la primera hi han participat la batlessa de Son Servera, Nat\u00e0lia Troya; el batle de Calvi\u00e0, Alfonso Rodr\u00edguez; B\u00e0rbara Rebassa, qui ha estat batlessa d\u2019Alc\u00fadia els tres primers anys de legislatura, i Xisco Dalmau, regidor de Mobilitat de l\u2019Ajuntament de Palma.<\/p>\n<p>En la segona taula rodona, hi han participat el batle d\u2019Inca, Virgilio Moreno; la regidora de Gent Gran i Medi Ambient de l\u2019Ajuntament de Marratx\u00ed, Cristina Alonso; el batle de Puigpunyent, Toni Mar\u00ed i Pep Llu\u00eds Urraca, qui ha estat batle de Santa Eug\u00e8nia els dos primers anys de legislatura.<\/p>\n<p>En el segon bloc, el coordinador de la Convenci\u00f3 Mallorca 2023, Javier de Juan, n\u2019ha presentat les l\u00ednies b\u00e0siques, destacant els quatre eixos del document marc que servir\u00e0 de base del programa electoral dels Socialistes de Mallorca per a les eleccions del 28 de maig: Generaci\u00f3 d\u2019oportunitats i reducci\u00f3 de les desigualtats, Evoluci\u00f3 d\u2019una economia lineal a una economia circular; Garantir el drets individuals de les persones i Defensa dels drets col\u00b7lectius de la nostra societat.<\/p>\n<\/p><\/div><\/div>\n<\/div>\n<\/div>\n<\/div>\n<\/div>\n<div class=\"row wpb_row row-fluid\">\n<div class=\"wpb_column columns small-12 medium-12 thb-dark-column\">\n<div class=\"vc_column-inner  \">\n<div class=\"wpb_wrapper\">\n<div class=\"vc_empty_space\" style=\"height: 50px\"><span class=\"vc_empty_space_inner\"><\/span><\/div>\n<div class=\"wpb_video_widget wpb_content_element vc_clearfix   vc_video-aspect-ratio-169 vc_video-el-width-100 vc_video-align-left\">\n<div class=\"wpb_wrapper\">\n<div class=\"wpb_video_wrapper\">\n<div class=\"flex-video widescreen youtube\"><\/div>\n<\/div><\/div><\/div>\n<div class=\"vc_empty_space\" style=\"height: 50px\"><span class=\"vc_empty_space_inner\"><\/span><\/div>\n<\/div>\n<\/div>\n<\/div>\n<\/div>\n<p>Source: Actualitat Fedaraci\u00f3 Mallorca<\/p>\n","protected":false},"excerpt":{"rendered":"<p>Armengol, Cladera i la ministra de Pol\u00edtica Territorial i portaveu del Govern d\u2019Espanya han inaugurat la Convenci\u00f3 Municipal de la Federaci\u00f3 Socialista de Mallorca La ministra de Pol\u00edtica Territorial i portaveu del Govern d\u2019Espanya, Isabel Rodr\u00edguez, ha reivindicat el PSOE com a l\u2019\u00fanic partit amb capacitat d\u2019aportar un projecte \u201camb idees, il\u00b7lusionant i esperan\u00e7ador\u201d per&hellip;<\/p>\n","protected":false},"author":1,"featured_media":27314,"comment_status":"false","ping_status":"open","sticky":false,"template":"","format":"standard","meta":{"footnotes":""},"categories":[2],"tags":[77],"class_list":["post-27313","post","type-post","status-publish","format-standard","has-post-thumbnail","hentry","category-federacio-de-mallorca","tag-federacio-socialista-de-mallorca"],"_links":{"self":[{"href":"https:\/\/www.psib-psoe.org\/mallorca\/wp-json\/wp\/v2\/posts\/27313"}],"collection":[{"href":"https:\/\/www.psib-psoe.org\/mallorca\/wp-json\/wp\/v2\/posts"}],"about":[{"href":"https:\/\/www.psib-psoe.org\/mallorca\/wp-json\/wp\/v2\/types\/post"}],"author":[{"embeddable":true,"href":"https:\/\/www.psib-psoe.org\/mallorca\/wp-json\/wp\/v2\/users\/1"}],"replies":[{"embeddable":true,"href":"https:\/\/www.psib-psoe.org\/mallorca\/wp-json\/wp\/v2\/comments?post=27313"}],"version-history":[{"count":0,"href":"https:\/\/www.psib-psoe.org\/mallorca\/wp-json\/wp\/v2\/posts\/27313\/revisions"}],"wp:featuredmedia":[{"embeddable":true,"href":"https:\/\/www.psib-psoe.org\/mallorca\/wp-json\/wp\/v2\/media\/27314"}],"wp:attachment":[{"href":"https:\/\/www.psib-psoe.org\/mallorca\/wp-json\/wp\/v2\/media?parent=27313"}],"wp:term":[{"taxonomy":"category","embeddable":true,"href":"https:\/\/www.psib-psoe.org\/mallorca\/wp-json\/wp\/v2\/categories?post=27313"},{"taxonomy":"post_tag","embeddable":true,"href":"https:\/\/www.psib-psoe.org\/mallorca\/wp-json\/wp\/v2\/tags?post=27313"}],"curies":[{"name":"wp","href":"https:\/\/api.w.org\/{rel}","templated":true}]}}