{"id":27330,"date":"2023-02-20T14:35:48","date_gmt":"2023-02-20T12:35:48","guid":{"rendered":"http:\/\/www.psib-psoe.org\/mallorca\/?p=27330"},"modified":"2023-02-20T14:35:48","modified_gmt":"2023-02-20T12:35:48","slug":"els-socialistes-de-felanitx-denuncien-que-lequip-de-govern-ha-deixat-perdre-15-milions-deuros-per-construir-habitatges-de-proteccio-oficial","status":"publish","type":"post","link":"https:\/\/www.psib-psoe.org\/mallorca\/els-socialistes-de-felanitx-denuncien-que-lequip-de-govern-ha-deixat-perdre-15-milions-deuros-per-construir-habitatges-de-proteccio-oficial\/","title":{"rendered":"Els socialistes de Felanitx denuncien que l\u2019equip de govern ha deixat perdre 1,5 milions d\u2019euros per construir Habitatges de Protecci\u00f3 Oficial"},"content":{"rendered":"<div class=\"wpb-content-wrapper\">[vc_row][vc_column][vc_single_image image=&#8221;27331&#8243; img_size=&#8221;full&#8221; alignment=&#8221;center&#8221;][\/vc_column][\/vc_row][vc_row][vc_column][vc_column_text]<i><u><span lang=\"CA\">L\u2019IBAVI ha descartat finalment la proposta per la promoci\u00f3 d\u2019entre 10 i 12 habitatges protegits a Felanitx despr\u00e9s de que el govern municipal del PP-Pi i el regidor tr\u00e0nsfuga, no hagi signat l\u2019acord tot hi haver-ho anunciat en premsa<\/span><\/u><\/i>[\/vc_column_text][\/vc_column][\/vc_row][vc_row][vc_column width=&#8221;1\/2&#8243;][vc_column_text]\n<p style=\"font-weight: 400;\">Els Socialistes de Felanitx denuncien que l\u2019equip de govern format pel PP-Pi i tr\u00e0nsfuga, han deixat perdre 1,5 milions d\u2019euros d\u2019inversi\u00f3 que tenia previst la Conselleria de Mobilitat i Habitatge, mitjan\u00e7ant l\u2019Institut Balear de l\u2019Habitatge (IBAVI), a la part superior de l\u2019aparcament del carrer de s\u2019Aigo a Felanitx.<\/p>\n<p style=\"font-weight: 400;\">Expliquen que, al mes de maig de 2020, el conseller de Mobilitat i Habitatge, Marc Pons, i el batle de Felanitx, Jaume Montserrat, varen tancar un acord per a la cessi\u00f3 d\u2019un s\u00f2l al carrer de s\u2019Aigo n\u00famero 10 per construir-hi una promoci\u00f3 d\u2019habitatges protegits.<\/p>\n<p style=\"font-weight: 400;\">La cessi\u00f3 del solar per part de l&#8217;Ajuntament permetria la construcci\u00f3 d&#8217;entre deu i dotze habitatges protegits (en funci\u00f3 del nombre de dormitoris). Es tracta d\u2019un solar de 452 metres quadrats i en el qual es pot construir una planta superior amb dos pisos.<\/p>\n<p style=\"font-weight: 400;\">El batle Monserrat tenia la proposta de conveni a punt per signar, despr\u00e9s haver-ho acordat, on quedava clar quina part assumia cada instituci\u00f3, per\u00f2 l\u2019ha deixada caducar per les imposicions de Catalina Soler, qui, tal com recull a les actes de la plen\u00e0ria municipal, va dir que \u201cno volia Habitatges de Protecci\u00f3 Oficial de cap manera a Felanitx, al solar del carrer de s\u2019Aigo\u201d.<\/p>\n<p>El portaveu i secretari general de l\u2019Agrupaci\u00f3 Socialista de Felanitx, Xisco Duarte, ha afirmat que \u201cel batle Monserrat novament s\u2019ha deixat endur per la des\u00eddia totalit\u00e0ria de la senyora Soler i acota el cap i accepta les seves imposicions. Per culpa dels seus interessos partidistes, deixen perdre una inversi\u00f3 totalment necess\u00e0ria per Felanitx\u201d.[\/vc_column_text][\/vc_column][vc_column width=&#8221;1\/2&#8243;][vc_column_text]\n<p style=\"font-weight: 400;\">Els socialistes de Felanitx afegeixen que \u201cel poble necessita HPO, ja que \u00e9s una mancan\u00e7a de fa bastants anys, per\u00f2 amb les imposicions de la senyora Soler, sumades al poc inter\u00e8s a donar solucions a l\u2019habitatge, demostren novament que, on governa el PP, no es construeix cap habitatge protegit. Tot el contrari que fa el govern de les Illes Balears, que ho t\u00e9 com prioritat absoluta\u201d.<\/p>\n<p style=\"font-weight: 400;\">Duarte assenyala que \u201cper nosaltres l\u2019habitatge \u00e9s una prioritat i un dret constitucional. Felanitx \u00e9s un territori fr\u00e0gil on moltes fam\u00edlies no poden accedir a un habitatge en propietat, per aix\u00f2, si entram a l\u2019equip de govern, cedirem terrenys a l\u2019IBAVI perqu\u00e8 pugui construir habitatge p\u00fablic\u201d.<\/p>\n<p style=\"font-weight: 400;\">Finalment, els socialistes de Felanitx conclouen que \u201cnovament el batle Monserrat incompleix el que signa, demostrant viure alien a la realitat del seu poble. L\u2019Ajuntament disposava d\u201911 milions d\u2019euros de super\u00e0vit i no s\u2019ha gastat res en mat\u00e8ria d\u2019habitatge\u201d.<\/p>\n[\/vc_column_text][\/vc_column][\/vc_row]\n<\/div>","protected":false},"excerpt":{"rendered":"<p>[vc_row][vc_column][vc_single_image image=&#8221;27331&#8243; img_size=&#8221;full&#8221; alignment=&#8221;center&#8221;][\/vc_column][\/vc_row][vc_row][vc_column][vc_column_text]L\u2019IBAVI ha descartat finalment la proposta per la promoci\u00f3 d\u2019entre 10 i 12 habitatges protegits a Felanitx despr\u00e9s de que el govern municipal del PP-Pi i el regidor tr\u00e0nsfuga, no hagi signat l\u2019acord tot hi haver-ho anunciat en premsa[\/vc_column_text][\/vc_column][\/vc_row][vc_row][vc_column width=&#8221;1\/2&#8243;][vc_column_text] Els Socialistes de Felanitx denuncien que l\u2019equip de govern format pel PP-Pi&hellip;<\/p>\n","protected":false},"author":3,"featured_media":27331,"comment_status":"open","ping_status":"open","sticky":false,"template":"","format":"standard","meta":{"footnotes":""},"categories":[90,92],"tags":[128,84,129],"class_list":["post-27330","post","type-post","status-publish","format-standard","has-post-thumbnail","hentry","category-municipis","category-portada","tag-felanitx","tag-psib-psoe","tag-xisco-duarte"],"_links":{"self":[{"href":"https:\/\/www.psib-psoe.org\/mallorca\/wp-json\/wp\/v2\/posts\/27330"}],"collection":[{"href":"https:\/\/www.psib-psoe.org\/mallorca\/wp-json\/wp\/v2\/posts"}],"about":[{"href":"https:\/\/www.psib-psoe.org\/mallorca\/wp-json\/wp\/v2\/types\/post"}],"author":[{"embeddable":true,"href":"https:\/\/www.psib-psoe.org\/mallorca\/wp-json\/wp\/v2\/users\/3"}],"replies":[{"embeddable":true,"href":"https:\/\/www.psib-psoe.org\/mallorca\/wp-json\/wp\/v2\/comments?post=27330"}],"version-history":[{"count":0,"href":"https:\/\/www.psib-psoe.org\/mallorca\/wp-json\/wp\/v2\/posts\/27330\/revisions"}],"wp:featuredmedia":[{"embeddable":true,"href":"https:\/\/www.psib-psoe.org\/mallorca\/wp-json\/wp\/v2\/media\/27331"}],"wp:attachment":[{"href":"https:\/\/www.psib-psoe.org\/mallorca\/wp-json\/wp\/v2\/media?parent=27330"}],"wp:term":[{"taxonomy":"category","embeddable":true,"href":"https:\/\/www.psib-psoe.org\/mallorca\/wp-json\/wp\/v2\/categories?post=27330"},{"taxonomy":"post_tag","embeddable":true,"href":"https:\/\/www.psib-psoe.org\/mallorca\/wp-json\/wp\/v2\/tags?post=27330"}],"curies":[{"name":"wp","href":"https:\/\/api.w.org\/{rel}","templated":true}]}}