{"id":27336,"date":"2023-02-22T15:43:13","date_gmt":"2023-02-22T13:43:13","guid":{"rendered":"http:\/\/www.psib-psoe.org\/mallorca\/?p=27336"},"modified":"2023-02-22T17:38:04","modified_gmt":"2023-02-22T15:38:04","slug":"jose-manuel-garcia-torna-a-presentar-la-seva-candidatura-a-la-batlia-de-sineu-amb-propostes-de-millora-que-sacostin-a-la-realitat-del-poble","status":"publish","type":"post","link":"https:\/\/www.psib-psoe.org\/mallorca\/jose-manuel-garcia-torna-a-presentar-la-seva-candidatura-a-la-batlia-de-sineu-amb-propostes-de-millora-que-sacostin-a-la-realitat-del-poble\/","title":{"rendered":"Jos\u00e9 Manuel Garc\u00eda torna a presentar la seva candidatura a la batlia de Sineu amb propostes de millora que s\u2019acostin a la realitat del poble"},"content":{"rendered":"<div class=\"wpb-content-wrapper\">[vc_row][vc_column width=&#8221;1\/2&#8243;][vc_single_image image=&#8221;27337&#8243; img_size=&#8221;full&#8221; alignment=&#8221;center&#8221;][\/vc_column][vc_column width=&#8221;1\/2&#8243;][vc_single_image image=&#8221;27338&#8243; img_size=&#8221;full&#8221;][\/vc_column][\/vc_row][vc_row][vc_column][vc_column_text]<em><u>El secretari General de l\u2019Agrupaci\u00f3 Socialista de Sineu, Jos\u00e9 Manuel Garc\u00eda, ha anunciat la seva candidatura amb la pres\u00e8ncia de\u00a0 la secret\u00e0ria General de la Federaci\u00f3 Socialista de Mallorca, Catalina Cladera<\/u><\/em>[\/vc_column_text][\/vc_column][\/vc_row][vc_row][vc_column width=&#8221;1\/2&#8243;][vc_column_text]El secretari General de l\u2019Agrupaci\u00f3 Socialista de Sineu, Jos\u00e9 Manuel Garc\u00eda, torna a presentar la seva candidatura a la batlia del municipi amb l\u2019objectiu de \u201ctraslladar els valors socialistes a la pol\u00edtica municipal de Sineu\u201d. La secret\u00e0ria General de la Federaci\u00f3 Socialista de Mallorca, Catalina Cladera, ha acompanyat a Garc\u00eda en el seu anunci.<\/p>\n<p>Garc\u00eda ha destacat que presentaran \u201cpropostes de millora que s\u2019acostin a la realitat del poble\u201d. A m\u00e9s, ha afegit que seran \u201caccessibles i propers als ve\u00efnats i ve\u00efnades de Sineu. Tendrem molt en compte l\u2019opini\u00f3 de tots i totes a l\u2019hora de presentar propostes, no deixarem a ning\u00fa de costat\u201d.<\/p>\n<p>Sobre aquest tema, el secretari General de l\u2019Agrupaci\u00f3 Socialista de Sineu ha comentat que \u201cno basta en fer les coses, s\u2019han de fer de la millor manera possible i amb el major consens dels ve\u00efnats i ve\u00efnades, cosa que no ha aconseguit l\u2019actual equip de govern\u201d.<\/p>\n<p>D\u2019altra banda, Garc\u00eda ha volgut agrair a tots els ve\u00efnats i ve\u00efnades del municipi que s\u2019han acostat o que els hi ha fet arribar el seu suport a la candidatura. Tamb\u00e9 ha volgut tenir paraules d\u2019agra\u00efment per les diferents persones del partit que han acudit a l\u2019anunci de la seva candidatura: la secret\u00e0ria General de la Federaci\u00f3 Socialista de Mallorca, Catalina Cladera; la secret\u00e0ria d\u2019Organitzaci\u00f3 de l\u2019FSM, Ant\u00f2nia Sastre; el secretari de Pol\u00edtica Municipal, Marc L\u00f3pez; el secretari de Dinamitzaci\u00f3 d\u2019Agrupacions Locals, Tomeu Bauz\u00e0 i el secretari de Drets Humans i Migracions, Omar Lamin.[\/vc_column_text][\/vc_column][vc_column width=&#8221;1\/2&#8243;][vc_column_text]Durant el seu discurs, Garc\u00eda va volgut tenir un record especial per Toni Gelabert Rebassa \u2018Toni Coramet\u2019, fundador de l\u2019Agrupaci\u00f3 Socialista de Sineu que va morir el setembre de 2020. Garc\u00eda ha dit, entre ll\u00e0grimes, que \u201cun dels principals motius pels quals torn a presentar la meva candidatura \u00e9s per en Toni, ell per jo era un referent i ho continuar\u00e0 sent\u201d.<\/p>\n<p>Per la seva banda, la secret\u00e0ria General de la Federaci\u00f3 Socialista de Mallorca, Catalina Cladera, tamb\u00e9 ha volgut tenir un record per Toni \u2018Coramet\u2019 i ha assenyalat que \u201cen Toni \u00e9s un referent per tots els socialistes. S\u00e9 ben cert que estaria orgull\u00f3s de tu, Jos\u00e9 Manuel. Enhorabona per la valentia que has tengut per presentar la teva candidatura\u201d. Cladera tamb\u00e9 ha comentat que, tant en Jos\u00e9 Manuel com tota l\u2019Agrupaci\u00f3 Socialista de Sineu, tindran el suport de la Federaci\u00f3 Socialista de Mallorca.[\/vc_column_text][\/vc_column][\/vc_row]\n<\/div>","protected":false},"excerpt":{"rendered":"<p>[vc_row][vc_column width=&#8221;1\/2&#8243;][vc_single_image image=&#8221;27337&#8243; img_size=&#8221;full&#8221; alignment=&#8221;center&#8221;][\/vc_column][vc_column width=&#8221;1\/2&#8243;][vc_single_image image=&#8221;27338&#8243; img_size=&#8221;full&#8221;][\/vc_column][\/vc_row][vc_row][vc_column][vc_column_text]El secretari General de l\u2019Agrupaci\u00f3 Socialista de Sineu, Jos\u00e9 Manuel Garc\u00eda, ha anunciat la seva candidatura amb la pres\u00e8ncia de\u00a0 la secret\u00e0ria General de la Federaci\u00f3 Socialista de Mallorca, Catalina Cladera[\/vc_column_text][\/vc_column][\/vc_row][vc_row][vc_column width=&#8221;1\/2&#8243;][vc_column_text]El secretari General de l\u2019Agrupaci\u00f3 Socialista de Sineu, Jos\u00e9 Manuel Garc\u00eda, torna a presentar la seva candidatura&hellip;<\/p>\n","protected":false},"author":3,"featured_media":27337,"comment_status":"open","ping_status":"open","sticky":false,"template":"","format":"standard","meta":{"footnotes":""},"categories":[1,113,92],"tags":[437,438,84,436],"class_list":["post-27336","post","type-post","status-publish","format-standard","has-post-thumbnail","hentry","category-federacio-de-mallorca-portada","category-opinio","category-portada","tag-agrupacio-socialista-de-sineu","tag-jose-manuel-garcia","tag-psib-psoe","tag-sineu"],"_links":{"self":[{"href":"https:\/\/www.psib-psoe.org\/mallorca\/wp-json\/wp\/v2\/posts\/27336"}],"collection":[{"href":"https:\/\/www.psib-psoe.org\/mallorca\/wp-json\/wp\/v2\/posts"}],"about":[{"href":"https:\/\/www.psib-psoe.org\/mallorca\/wp-json\/wp\/v2\/types\/post"}],"author":[{"embeddable":true,"href":"https:\/\/www.psib-psoe.org\/mallorca\/wp-json\/wp\/v2\/users\/3"}],"replies":[{"embeddable":true,"href":"https:\/\/www.psib-psoe.org\/mallorca\/wp-json\/wp\/v2\/comments?post=27336"}],"version-history":[{"count":0,"href":"https:\/\/www.psib-psoe.org\/mallorca\/wp-json\/wp\/v2\/posts\/27336\/revisions"}],"wp:featuredmedia":[{"embeddable":true,"href":"https:\/\/www.psib-psoe.org\/mallorca\/wp-json\/wp\/v2\/media\/27337"}],"wp:attachment":[{"href":"https:\/\/www.psib-psoe.org\/mallorca\/wp-json\/wp\/v2\/media?parent=27336"}],"wp:term":[{"taxonomy":"category","embeddable":true,"href":"https:\/\/www.psib-psoe.org\/mallorca\/wp-json\/wp\/v2\/categories?post=27336"},{"taxonomy":"post_tag","embeddable":true,"href":"https:\/\/www.psib-psoe.org\/mallorca\/wp-json\/wp\/v2\/tags?post=27336"}],"curies":[{"name":"wp","href":"https:\/\/api.w.org\/{rel}","templated":true}]}}