{"id":27347,"date":"2023-02-25T12:15:12","date_gmt":"2023-02-25T10:15:12","guid":{"rendered":"http:\/\/www.psib-psoe.org\/mallorca\/?p=27347"},"modified":"2023-02-25T12:15:12","modified_gmt":"2023-02-25T10:15:12","slug":"marga-fullana-presenta-la-seva-candidatura-a-la-batlia-dalgaida-pina-i-randa-per-continuar-fent-funcionar-el-municipi-i-impulsar-nous-projectes-de-millora","status":"publish","type":"post","link":"https:\/\/www.psib-psoe.org\/mallorca\/marga-fullana-presenta-la-seva-candidatura-a-la-batlia-dalgaida-pina-i-randa-per-continuar-fent-funcionar-el-municipi-i-impulsar-nous-projectes-de-millora\/","title":{"rendered":"Marga Fullana presenta la seva candidatura a la batlia d\u2019Algaida, Pina i Randa per \u201ccontinuar fent funcionar el municipi i impulsar nous projectes de millora\u201d"},"content":{"rendered":"<div class=\"wpb-content-wrapper\">[vc_row][vc_column][vc_single_image image=&#8221;27348&#8243; img_size=&#8221;full&#8221; alignment=&#8221;center&#8221;][\/vc_column][\/vc_row][vc_row][vc_column][vc_column_text]<em><u>Fullana ha anunciat la seva candidatura a la batlia d\u2019Algaida, Pina i Randa davant m\u00e9s de 200 persones. Tamb\u00e9 l\u2019ha acompanyat la Secret\u00e0ria General de la Federaci\u00f3 Socialista de Mallorca, Catalina Cladera<\/u><\/em>[\/vc_column_text][\/vc_column][\/vc_row][vc_row][vc_column width=&#8221;1\/2&#8243;][vc_column_text]M\u00e9s de 200 persones han recolzat a Fullana en l\u2019anunci de la seva candidatura a la batlia d\u2019Algaida, Pina i Randa. La Secret\u00e0ria General de la Federaci\u00f3 Socialista de Mallorca, Catalina Cladera, tamb\u00e9 ha acompanyat a Fullana i ha assegurat que \u00e9s \u201cuna magn\u00edfica candidata que far\u00e0 una pol\u00edtica local, molt propera i molt humana\u201d.<\/p>\n<p>En la presentaci\u00f3, Fullana ha comentat que se sent preparada i que, ella i tot el seu equip, tenen un projecte \u201cpotent, plural i ambici\u00f3s\u201d. El seu objectiu \u00e9s \u201cfer funcionar el municipi, reivindicar els tres pobles, impulsar nous projectes per millorar el nostre benestar i seguir fent d\u2019Algaida, un municipi que avan\u00e7a i progressa de la m\u00e0 de les batlies socialistes\u201d.<\/p>\n<p>Fullana ha explicat que la cultura, els esports, l\u2019educaci\u00f3 i la sostenibilitat mediambiental seran alguns dels seus eixos fonamentals del seu projecte. A m\u00e9s, ha afegit que aquests eixos han d\u2019anar acompanyats del desenvolupament de l\u2019economia local i la just\u00edcia social.<\/p>\n<p>D\u2019altre banda, Fullana ha posat en valor tots els avan\u00e7os que s\u2019han aconseguit de la m\u00e0 d\u2019Ajuntaments socialistes amb l\u2019ajuda del Consell de Mallorca presidit per la socialista Catalina Cladera, el Govern de les Illes Balears presidit per Francina Armengol i el Govern d\u2019Espanya presidit per Pedro S\u00e1nchez.[\/vc_column_text][\/vc_column][vc_column width=&#8221;1\/2&#8243;][vc_column_text]En un moment del seu discurs, Marga Fullana ha volgut tenir un record especial per tots els batles socialistes que han governat a Algaida, Pina i Randa: Xisco Antich, Jaume Jaume, Xisco Miralles i Maria Ant\u00f2nia Mulet. \u201cSou un referent per a mi, compt amb tot vosaltres per acompanyar-me en aquest cam\u00ed cap a les eleccions del 28 de maig\u201d ha comentat Fullana.<\/p>\n<p>Per la seva banda, la Secret\u00e0ria General de la Federaci\u00f3 Socialista de Mallorca, Catalina Cladera, ha comentat que \u201ctenim les millors candidatures i el millor projecte de futur per als nostres municipis i la nostra illa, perqu\u00e8 els nostres fonaments estan en el municipalisme, que \u00e9s des d\u2019on es transformen els nostres pobles i les nostres ciutats\u201d.<\/p>\n<p>A m\u00e9s, Cladera ha fet refer\u00e8ncia a la gesti\u00f3 socialista d\u2019aquests anys i ha asseverat que \u201cels i les socialistes esteim i hem d&#8217;estar orgullosos de tot el que hem fet aquests 8 anys. Hem fet feina per la gent i per l\u2019inter\u00e8s general de la nostra terra\u201d.<\/p>\n<p>Finalment, Cladera ha encoratjat a Marga Fullana i ha dit que \u201c\u00e9s una dona valenta i compromesa amb el Partit Socialista i amb Algaida, que estic conven\u00e7uda que el pr\u00f2xim mes de maig ser\u00e0 la propera batlessa d\u2019aquest magn\u00edfic municipi\u201d.[\/vc_column_text][\/vc_column][\/vc_row]\n<\/div>","protected":false},"excerpt":{"rendered":"<p>[vc_row][vc_column][vc_single_image image=&#8221;27348&#8243; img_size=&#8221;full&#8221; alignment=&#8221;center&#8221;][\/vc_column][\/vc_row][vc_row][vc_column][vc_column_text]Fullana ha anunciat la seva candidatura a la batlia d\u2019Algaida, Pina i Randa davant m\u00e9s de 200 persones. Tamb\u00e9 l\u2019ha acompanyat la Secret\u00e0ria General de la Federaci\u00f3 Socialista de Mallorca, Catalina Cladera[\/vc_column_text][\/vc_column][\/vc_row][vc_row][vc_column width=&#8221;1\/2&#8243;][vc_column_text]M\u00e9s de 200 persones han recolzat a Fullana en l\u2019anunci de la seva candidatura a la batlia d\u2019Algaida, Pina i&hellip;<\/p>\n","protected":false},"author":6,"featured_media":27348,"comment_status":"open","ping_status":"open","sticky":false,"template":"","format":"standard","meta":{"footnotes":""},"categories":[1,90,92],"tags":[388,223,105,423,84],"class_list":["post-27347","post","type-post","status-publish","format-standard","has-post-thumbnail","hentry","category-federacio-de-mallorca-portada","category-municipis","category-portada","tag-agrupacio-socialista-de-campanet","tag-algaida","tag-catalina-cladera","tag-marga-fullana","tag-psib-psoe"],"_links":{"self":[{"href":"https:\/\/www.psib-psoe.org\/mallorca\/wp-json\/wp\/v2\/posts\/27347"}],"collection":[{"href":"https:\/\/www.psib-psoe.org\/mallorca\/wp-json\/wp\/v2\/posts"}],"about":[{"href":"https:\/\/www.psib-psoe.org\/mallorca\/wp-json\/wp\/v2\/types\/post"}],"author":[{"embeddable":true,"href":"https:\/\/www.psib-psoe.org\/mallorca\/wp-json\/wp\/v2\/users\/6"}],"replies":[{"embeddable":true,"href":"https:\/\/www.psib-psoe.org\/mallorca\/wp-json\/wp\/v2\/comments?post=27347"}],"version-history":[{"count":0,"href":"https:\/\/www.psib-psoe.org\/mallorca\/wp-json\/wp\/v2\/posts\/27347\/revisions"}],"wp:featuredmedia":[{"embeddable":true,"href":"https:\/\/www.psib-psoe.org\/mallorca\/wp-json\/wp\/v2\/media\/27348"}],"wp:attachment":[{"href":"https:\/\/www.psib-psoe.org\/mallorca\/wp-json\/wp\/v2\/media?parent=27347"}],"wp:term":[{"taxonomy":"category","embeddable":true,"href":"https:\/\/www.psib-psoe.org\/mallorca\/wp-json\/wp\/v2\/categories?post=27347"},{"taxonomy":"post_tag","embeddable":true,"href":"https:\/\/www.psib-psoe.org\/mallorca\/wp-json\/wp\/v2\/tags?post=27347"}],"curies":[{"name":"wp","href":"https:\/\/api.w.org\/{rel}","templated":true}]}}