{"id":27362,"date":"2023-02-28T16:15:01","date_gmt":"2023-02-28T14:15:01","guid":{"rendered":"http:\/\/www.psib-psoe.org\/mallorca\/?p=27362"},"modified":"2023-02-28T16:15:01","modified_gmt":"2023-02-28T14:15:01","slug":"els-socialistes-de-felanitx-critiquen-la-falta-de-planificacio-del-govern-municipal-davant-lobertura-del-nou-centre-sanitari-de-portocolom","status":"publish","type":"post","link":"https:\/\/www.psib-psoe.org\/mallorca\/els-socialistes-de-felanitx-critiquen-la-falta-de-planificacio-del-govern-municipal-davant-lobertura-del-nou-centre-sanitari-de-portocolom\/","title":{"rendered":"Els Socialistes de Felanitx critiquen la falta de planificaci\u00f3 del govern municipal davant l&#8217;obertura del nou centre sanitari de Portocolom"},"content":{"rendered":"<div class=\"wpb-content-wrapper\">[vc_row][vc_column][vc_single_image image=&#8221;27363&#8243; img_size=&#8221;full&#8221; alignment=&#8221;center&#8221;][\/vc_column][\/vc_row][vc_row][vc_column][vc_column_text]<em><u>La nova Unitat B\u00e0sica de Salut va obrir les portes aquest mes i l\u2019equip de govern format pel PP-Pi i el regidor tr\u00e0nsfuga, encara no han pres cap mesura per millorar l&#8217;accessibilitat de vehicles i vianants<\/u><\/em>[\/vc_column_text][\/vc_column][\/vc_row][vc_row][vc_column width=&#8221;1\/2&#8243;][vc_column_text]Els Socialistes de Felanitx critiquen que l&#8217;equip de govern municipal no ha estat capa\u00e7 de planificar l\u2019obertura de la nova Unitat B\u00e0sica de Salut de Portocolom, encara que sabia des de principis d\u2019any que el mes de febrer comen\u00e7aria a donar servei.<\/p>\n<p>El Grup Socialista den\u00fancia que \u201cno han estat capa\u00e7os de desenvolupar cap mesura per millorar la mobilitat de la via on s&#8217;ubica aquest nou centre\u201d. I afegeixen que \u201caquesta escassa previsi\u00f3 i la des\u00eddia constant que mostra l&#8217;equip de govern del PP-Pi i tr\u00e0nsfuga, ja est\u00e0 afectant multitud d&#8217;usuaris que acudeixen al centre, alguns amb mobilitat redu\u00efda\u201d.<\/p>\n<p>Avui dia, l&#8217;Ajuntament encara no ha situat cap pas de vianants ni ha adequat les voravies per facilitar la mobilitat a cadires de rodes o cotxets. Tampoc s\u2019han instal\u00b7lat elements per reduir la velocitat de vehicles, ni s\u2019han previst espais per l\u2019aparcament dels vehicles d&#8217;emerg\u00e8ncies.<\/p>\n<p>Els Socialistes de Felanitx, recorden que la mobilitat \u00e9s compet\u00e8ncia municipal i, que aquesta via, des de fa temps presenta problemes greus. \u201cEns preocupa que, ara que s&#8217;han ampliat els serveis del Centre C\u00edvic, els seus accessos es puguin convertir en un punt negre de la xarxa vi\u00e0ria de Portocolom\u201d, declaren.[\/vc_column_text][\/vc_column][vc_column width=&#8221;1\/2&#8243;][vc_column_text]Cal recordar, que l&#8217;Ajuntament tenia coneixement que IBsalut iniciava el proc\u00e9s per traslladar la unitat b\u00e0sica a l&#8217;edifici del Centre C\u00edvic de Portocolom des de l\u2019estiu de 2020. \u201cEl temps suficient per haver pres mesures que donaren soluci\u00f3 al problema dels accessos, per\u00f2 no han fet cap passa per millorar la mobilitat i l&#8217;accessibilitat de la Ronda Nadal batle que \u00e9s on s&#8217;ubica el nou equipament. Via que, necessita com a m\u00ednim reduir l&#8217;excessiva velocitat en la qual circulen els vehicles\u201d, afegeixen.<\/p>\n<p>En aquest sentit, el portaveu i secretari general dels Socialistes de Felanitx, Xisco Duarte, den\u00fancia que \u201cel batle Monserrat, durant la inauguraci\u00f3, no va donar cap explicaci\u00f3 sobre el perqu\u00e8 no havien resolt aquest problema abans de l\u2019obertura del nou centre de Salut, ni tampoc sobre quan ho resoldran. Mostrant una vegada m\u00e9s la improvisaci\u00f3 habitual d&#8217;aquest govern municipal, que fa aigua per tots els costats&#8221;.<\/p>\n<p>Finalment, els Socialistes de Felanitx conclouen dient que \u201cnovament la falta de planificaci\u00f3 torna a ser la predomina a l&#8217;ajuntament\u201d i fan evident que \u201cFelanitx mereix uns governants que mirin pel b\u00e9 com\u00fa i que prioritzin el benestar de tots i totes. No el que tenim ara, pol\u00edtics que nom\u00e9s treballen pels seus interessos propis\u201d.[\/vc_column_text][\/vc_column][\/vc_row]\n<\/div>","protected":false},"excerpt":{"rendered":"<p>[vc_row][vc_column][vc_single_image image=&#8221;27363&#8243; img_size=&#8221;full&#8221; alignment=&#8221;center&#8221;][\/vc_column][\/vc_row][vc_row][vc_column][vc_column_text]La nova Unitat B\u00e0sica de Salut va obrir les portes aquest mes i l\u2019equip de govern format pel PP-Pi i el regidor tr\u00e0nsfuga, encara no han pres cap mesura per millorar l&#8217;accessibilitat de vehicles i vianants[\/vc_column_text][\/vc_column][\/vc_row][vc_row][vc_column width=&#8221;1\/2&#8243;][vc_column_text]Els Socialistes de Felanitx critiquen que l&#8217;equip de govern municipal no ha estat capa\u00e7 de planificar&hellip;<\/p>\n","protected":false},"author":6,"featured_media":27363,"comment_status":"open","ping_status":"open","sticky":false,"template":"","format":"standard","meta":{"footnotes":""},"categories":[90,92],"tags":[405,128,331,84,129],"class_list":["post-27362","post","type-post","status-publish","format-standard","has-post-thumbnail","hentry","category-municipis","category-portada","tag-agrupacio-socialista-de-felanitx","tag-felanitx","tag-portocolom","tag-psib-psoe","tag-xisco-duarte"],"_links":{"self":[{"href":"https:\/\/www.psib-psoe.org\/mallorca\/wp-json\/wp\/v2\/posts\/27362"}],"collection":[{"href":"https:\/\/www.psib-psoe.org\/mallorca\/wp-json\/wp\/v2\/posts"}],"about":[{"href":"https:\/\/www.psib-psoe.org\/mallorca\/wp-json\/wp\/v2\/types\/post"}],"author":[{"embeddable":true,"href":"https:\/\/www.psib-psoe.org\/mallorca\/wp-json\/wp\/v2\/users\/6"}],"replies":[{"embeddable":true,"href":"https:\/\/www.psib-psoe.org\/mallorca\/wp-json\/wp\/v2\/comments?post=27362"}],"version-history":[{"count":0,"href":"https:\/\/www.psib-psoe.org\/mallorca\/wp-json\/wp\/v2\/posts\/27362\/revisions"}],"wp:featuredmedia":[{"embeddable":true,"href":"https:\/\/www.psib-psoe.org\/mallorca\/wp-json\/wp\/v2\/media\/27363"}],"wp:attachment":[{"href":"https:\/\/www.psib-psoe.org\/mallorca\/wp-json\/wp\/v2\/media?parent=27362"}],"wp:term":[{"taxonomy":"category","embeddable":true,"href":"https:\/\/www.psib-psoe.org\/mallorca\/wp-json\/wp\/v2\/categories?post=27362"},{"taxonomy":"post_tag","embeddable":true,"href":"https:\/\/www.psib-psoe.org\/mallorca\/wp-json\/wp\/v2\/tags?post=27362"}],"curies":[{"name":"wp","href":"https:\/\/api.w.org\/{rel}","templated":true}]}}