{"id":27385,"date":"2023-03-06T13:53:21","date_gmt":"2023-03-06T11:53:21","guid":{"rendered":"http:\/\/www.psib-psoe.org\/mallorca\/?p=27385"},"modified":"2023-03-06T13:53:21","modified_gmt":"2023-03-06T11:53:21","slug":"pau-llado-presenta-la-seva-candidatura-a-la-batlia-dariany-per-les-eleccions-del-28-de-maig","status":"publish","type":"post","link":"https:\/\/www.psib-psoe.org\/mallorca\/pau-llado-presenta-la-seva-candidatura-a-la-batlia-dariany-per-les-eleccions-del-28-de-maig\/","title":{"rendered":"Pau Llad\u00f3 presenta la seva candidatura a la batlia d\u2019Ariany per les eleccions del 28 de maig"},"content":{"rendered":"<div class=\"wpb-content-wrapper\">[vc_row][vc_column][vc_single_image image=&#8221;27386&#8243; img_size=&#8221;full&#8221; alignment=&#8221;center&#8221;][\/vc_column][\/vc_row][vc_row][vc_column][vc_column_text]<em><u>El secretari general de l\u2019Agrupaci\u00f3 Socialista d\u2019Ariany i actual regidor de cultura de l\u2019Ajuntament ha anunciat davant l\u2019Agrupaci\u00f3 Local que presenta la seva candidatura a la batlia<\/u><\/em>[\/vc_column_text][\/vc_column][\/vc_row][vc_row][vc_column width=&#8221;1\/2&#8243;][vc_column_text]Pau Llad\u00f3 ha presentat la seva candidatura a la batlia d\u2019Ariany per les eleccions del 28 de maig de 2023 amb l\u2019objectiu de \u201cmillorar els resultats de 2019 i obtenir m\u00e9s representaci\u00f3 socialista a l\u2019Ajuntament d\u2019Ariany\u201d. La secret\u00e0ria general de la Federaci\u00f3 Socialista de Mallorca, Catalina Cladera, ha mostrat el seu suport a Llad\u00f3 en l\u2019anunci de la seva candidatura.<\/p>\n<p>Llad\u00f3 ha fet inc\u00eds en la gesti\u00f3 que s\u2019ha fet des de la regidoria de cultura per promoure i impulsar diferents esdeveniments al poble: \u201cla gesti\u00f3 \u00e9s el millor aval que tenim els i les socialistes\u201d ha assenyalat Llad\u00f3.[\/vc_column_text][\/vc_column][vc_column width=&#8221;1\/2&#8243;][vc_column_text]El secretari general de l\u2019Agrupaci\u00f3 Socialista d\u2019Ariany ha afegit que presenta la seva candidatura \u201camb l\u2019objectiu d\u2019aconseguir m\u00e9s representaci\u00f3 socialista a l\u2019Ajuntament i, d\u2019aquesta forma, fer avan\u00e7ar el municipi\u201d.<\/p>\n<p>Finalment, Llad\u00f3 ha volgut agrair a tots els membres de l\u2019Agrupaci\u00f3 Socialista d\u2019Ariany i del Partit Socialista el seu suport i \u00e0nims per presentar la seva candidatura a la batlia.[\/vc_column_text][\/vc_column][\/vc_row]\n<\/div>","protected":false},"excerpt":{"rendered":"<p>[vc_row][vc_column][vc_single_image image=&#8221;27386&#8243; img_size=&#8221;full&#8221; alignment=&#8221;center&#8221;][\/vc_column][\/vc_row][vc_row][vc_column][vc_column_text]El secretari general de l\u2019Agrupaci\u00f3 Socialista d\u2019Ariany i actual regidor de cultura de l\u2019Ajuntament ha anunciat davant l\u2019Agrupaci\u00f3 Local que presenta la seva candidatura a la batlia[\/vc_column_text][\/vc_column][\/vc_row][vc_row][vc_column width=&#8221;1\/2&#8243;][vc_column_text]Pau Llad\u00f3 ha presentat la seva candidatura a la batlia d\u2019Ariany per les eleccions del 28 de maig de 2023 amb l\u2019objectiu de \u201cmillorar els&hellip;<\/p>\n","protected":false},"author":6,"featured_media":27386,"comment_status":"open","ping_status":"open","sticky":false,"template":"","format":"standard","meta":{"footnotes":""},"categories":[2,90],"tags":[453,451,105,452,84],"class_list":["post-27385","post","type-post","status-publish","format-standard","has-post-thumbnail","hentry","category-federacio-de-mallorca","category-municipis","tag-agrupacio-socialista-dariany","tag-ariany","tag-catalina-cladera","tag-pau-llado","tag-psib-psoe"],"_links":{"self":[{"href":"https:\/\/www.psib-psoe.org\/mallorca\/wp-json\/wp\/v2\/posts\/27385"}],"collection":[{"href":"https:\/\/www.psib-psoe.org\/mallorca\/wp-json\/wp\/v2\/posts"}],"about":[{"href":"https:\/\/www.psib-psoe.org\/mallorca\/wp-json\/wp\/v2\/types\/post"}],"author":[{"embeddable":true,"href":"https:\/\/www.psib-psoe.org\/mallorca\/wp-json\/wp\/v2\/users\/6"}],"replies":[{"embeddable":true,"href":"https:\/\/www.psib-psoe.org\/mallorca\/wp-json\/wp\/v2\/comments?post=27385"}],"version-history":[{"count":0,"href":"https:\/\/www.psib-psoe.org\/mallorca\/wp-json\/wp\/v2\/posts\/27385\/revisions"}],"wp:featuredmedia":[{"embeddable":true,"href":"https:\/\/www.psib-psoe.org\/mallorca\/wp-json\/wp\/v2\/media\/27386"}],"wp:attachment":[{"href":"https:\/\/www.psib-psoe.org\/mallorca\/wp-json\/wp\/v2\/media?parent=27385"}],"wp:term":[{"taxonomy":"category","embeddable":true,"href":"https:\/\/www.psib-psoe.org\/mallorca\/wp-json\/wp\/v2\/categories?post=27385"},{"taxonomy":"post_tag","embeddable":true,"href":"https:\/\/www.psib-psoe.org\/mallorca\/wp-json\/wp\/v2\/tags?post=27385"}],"curies":[{"name":"wp","href":"https:\/\/api.w.org\/{rel}","templated":true}]}}