{"id":27412,"date":"2023-03-15T12:18:16","date_gmt":"2023-03-15T10:18:16","guid":{"rendered":"http:\/\/www.psib-psoe.org\/mallorca\/?p=27412"},"modified":"2023-03-15T12:18:16","modified_gmt":"2023-03-15T10:18:16","slug":"andreu-isern-torna-a-presentar-la-seva-candidatura-a-la-batlia-de-consell-amb-la-mateixa-illusio-de-sempre","status":"publish","type":"post","link":"https:\/\/www.psib-psoe.org\/mallorca\/andreu-isern-torna-a-presentar-la-seva-candidatura-a-la-batlia-de-consell-amb-la-mateixa-illusio-de-sempre\/","title":{"rendered":"Andreu Isern torna a presentar la seva candidatura a la batlia de Consell \u201camb la mateixa il\u00b7lusi\u00f3 de sempre\u201d"},"content":{"rendered":"<div class=\"wpb-content-wrapper\">[vc_row][vc_column][vc_single_image image=&#8221;27413&#8243; img_size=&#8221;full&#8221; alignment=&#8221;center&#8221;][\/vc_column][\/vc_row][vc_row][vc_column][vc_column_text]<em><u>L\u2019Agrupaci\u00f3 Socialista de Consell i la Secret\u00e0ria General de la Federaci\u00f3 Socialista de Mallorca, Catalina Cladera, han mostrat el seu suport a Isern en l\u2019anunci de la seva candidatura a la batlia<\/u><\/em>[\/vc_column_text][\/vc_column][\/vc_row][vc_row][vc_column width=&#8221;1\/2&#8243;][vc_column_text]Andreu Isern ha presentat davant l\u2019Agrupaci\u00f3 Socialista de Consell la seva candidatura a la batlia. Els socialistes de Consell i la Secret\u00e0ria General de la Federaci\u00f3 Socialista de Mallorca, Catalina Cladera, han recolzat a Isern en l\u2019anunci de la seva candidatura.<\/p>\n<p>Isern \u00e9s l\u2019actual batle de Consell (ocupa aquest c\u00e0rrec des de fa 14 anys) i torna a presentar la seva candidatura \u201camb la mateixa il\u00b7lusi\u00f3 de sempre\u201d. \u00a0Isern ha comentat que vol \u201cseguir a la batlia per continuar amb els projectes que t\u00e9 per Consell com la remodelaci\u00f3 de l\u2019edifici de l\u2019Ajuntament o el nou centre de salut\u201d.[\/vc_column_text][\/vc_column][vc_column width=&#8221;1\/2&#8243;][vc_column_text]En l\u2019anunci de la seva candidatura, Isern ha destacat alguns projectes que s\u2019han fet a Consell al llarg d\u2019aquesta legislatura com el nou tanatori, l\u2019ampliaci\u00f3 del cementiri, posar llambordes al carrer Roser, la construcci\u00f3 d\u2019un aparcament per a 61 vehicles amb 10 estacionaments amb plaques solars per carregar vehicles el\u00e8ctrics o la renovaci\u00f3 del passeig dels sollerics.<\/p>\n<p>Finalment, Isern ha agra\u00eft el \u201csuport i la confian\u00e7a\u201d a tota l\u2019agrupaci\u00f3 local que ha validat la seva candidatura. \u201cAra \u00e9s el moment de fer feina tots plegats per continuar transformant Consell des de la batlia i fer un poble millor per a tots els ve\u00efnats i ve\u00efnades\u201d ha concl\u00f2s Isern.[\/vc_column_text][\/vc_column][\/vc_row]\n<\/div>","protected":false},"excerpt":{"rendered":"<p>[vc_row][vc_column][vc_single_image image=&#8221;27413&#8243; img_size=&#8221;full&#8221; alignment=&#8221;center&#8221;][\/vc_column][\/vc_row][vc_row][vc_column][vc_column_text]L\u2019Agrupaci\u00f3 Socialista de Consell i la Secret\u00e0ria General de la Federaci\u00f3 Socialista de Mallorca, Catalina Cladera, han mostrat el seu suport a Isern en l\u2019anunci de la seva candidatura a la batlia[\/vc_column_text][\/vc_column][\/vc_row][vc_row][vc_column width=&#8221;1\/2&#8243;][vc_column_text]Andreu Isern ha presentat davant l\u2019Agrupaci\u00f3 Socialista de Consell la seva candidatura a la batlia. Els socialistes de Consell i&hellip;<\/p>\n","protected":false},"author":6,"featured_media":27413,"comment_status":"open","ping_status":"open","sticky":false,"template":"","format":"standard","meta":{"footnotes":""},"categories":[1,90,92],"tags":[293,105,159],"class_list":["post-27412","post","type-post","status-publish","format-standard","has-post-thumbnail","hentry","category-federacio-de-mallorca-portada","category-municipis","category-portada","tag-andreu-isern","tag-catalina-cladera","tag-consell"],"_links":{"self":[{"href":"https:\/\/www.psib-psoe.org\/mallorca\/wp-json\/wp\/v2\/posts\/27412"}],"collection":[{"href":"https:\/\/www.psib-psoe.org\/mallorca\/wp-json\/wp\/v2\/posts"}],"about":[{"href":"https:\/\/www.psib-psoe.org\/mallorca\/wp-json\/wp\/v2\/types\/post"}],"author":[{"embeddable":true,"href":"https:\/\/www.psib-psoe.org\/mallorca\/wp-json\/wp\/v2\/users\/6"}],"replies":[{"embeddable":true,"href":"https:\/\/www.psib-psoe.org\/mallorca\/wp-json\/wp\/v2\/comments?post=27412"}],"version-history":[{"count":0,"href":"https:\/\/www.psib-psoe.org\/mallorca\/wp-json\/wp\/v2\/posts\/27412\/revisions"}],"wp:featuredmedia":[{"embeddable":true,"href":"https:\/\/www.psib-psoe.org\/mallorca\/wp-json\/wp\/v2\/media\/27413"}],"wp:attachment":[{"href":"https:\/\/www.psib-psoe.org\/mallorca\/wp-json\/wp\/v2\/media?parent=27412"}],"wp:term":[{"taxonomy":"category","embeddable":true,"href":"https:\/\/www.psib-psoe.org\/mallorca\/wp-json\/wp\/v2\/categories?post=27412"},{"taxonomy":"post_tag","embeddable":true,"href":"https:\/\/www.psib-psoe.org\/mallorca\/wp-json\/wp\/v2\/tags?post=27412"}],"curies":[{"name":"wp","href":"https:\/\/api.w.org\/{rel}","templated":true}]}}