{"id":27458,"date":"2023-03-31T14:41:58","date_gmt":"2023-03-31T12:41:58","guid":{"rendered":"http:\/\/www.psib-psoe.org\/mallorca\/?p=27458"},"modified":"2023-04-05T14:07:32","modified_gmt":"2023-04-05T12:07:32","slug":"javier-de-juan-la-convencio-mallorca-2030-representa-la-consolidacio-del-projecte-socialista-i-marca-el-nostre-full-de-ruta","status":"publish","type":"post","link":"https:\/\/www.psib-psoe.org\/mallorca\/javier-de-juan-la-convencio-mallorca-2030-representa-la-consolidacio-del-projecte-socialista-i-marca-el-nostre-full-de-ruta\/","title":{"rendered":"Javier de Juan: \u201cLa Convenci\u00f3 Mallorca 2030 representa la consolidaci\u00f3 del projecte socialista i marca el nostre full de ruta \u201d"},"content":{"rendered":"<div class=\"wpb-content-wrapper\">[vc_row][vc_column][vc_single_image image=&#8221;27459&#8243; img_size=&#8221;full&#8221; alignment=&#8221;center&#8221;][\/vc_column][\/vc_row][vc_row][vc_column][vc_raw_html]JTNDaWZyYW1lJTIwc3JjJTNEJTIyaHR0cHMlM0ElMkYlMkZ3d3cuaXZvb3guY29tJTJGcGxheWVyX2VqXzEwNTUwMjU1Nl82XzEuaHRtbCUzRmMxJTNEZTQwNDIyJTIyJTIwd2lkdGglM0QlMjIxMDAlMjUlMjIlMjBoZWlnaHQlM0QlMjIyMDAlMjIlMjBmcmFtZWJvcmRlciUzRCUyMjAlMjIlMjBhbGxvd2Z1bGxzY3JlZW4lM0QlMjIlMjIlMjBzY3JvbGxpbmclM0QlMjJubyUyMiUyMGxvYWRpbmclM0QlMjJsYXp5JTIyJTNFJTNDJTJGaWZyYW1lJTNF[\/vc_raw_html][\/vc_column][\/vc_row][vc_row][vc_column][vc_column_text]<em><u>La Federaci\u00f3 Socialista de Mallorca culmina aquest dissabte el proc\u00e9s de la Convenci\u00f3 Mallorca 2030 despr\u00e9s de mesos de reunions amb diferents entitats i experts<\/u><\/em>[\/vc_column_text][\/vc_column][\/vc_row][vc_row][vc_column width=&#8221;1\/2&#8243;][vc_column_text]El coordinador de la Convenci\u00f3 Mallorca 2030 i vicesecretari general (sectorial) de la de la Federaci\u00f3 Socialista de Mallorca, Javier de Juan, ha explicat en roda de premsa que \u201cla Convenci\u00f3 Mallorca 2030 representa la consolidaci\u00f3 del projecte socialista i marca el nostre full de ruta\u201d.<\/p>\n<p>De Juan ha afegit que \u201cfa vuit anys que els socialistes de Mallorca vam assumir el repte de crear una Mallorca m\u00e9s justa, democr\u00e0tica i inclusiva, despr\u00e9s d\u2019un per\u00edode obscur d\u2019aquesta illa. Volem continuar construint el futur que ja vam comen\u00e7ar a construir fa vuit anys. Nomes els socialistes de Mallorca podem garantir els drets i la igualtat d\u2019oportunitats, la igualtat entre totes i tots\u201d.<\/p>\n<p>\u201cAquests vuit anys hem canviat la forma de fer pol\u00edtica en aquesta comunitat i a aquesta illa. Volem vuit anys m\u00e9s per consolidar aquest projecte, per aix\u00f2 Mallorca 2030. La idea de la Convenci\u00f3 \u00e9s que ens hem imaginat la Mallorca 2030 on ens agradaria viure a tots, projectant les pol\u00edtiques que hem dut a terme els socialistes de Mallorca durant aquests vuit anys\u201d ha afegit de Juan.<\/p>\n<p>El coordinador de la Convenci\u00f3 Mallorca 2030 ha comentat que el document marc de la Convenci\u00f3 gira entorn de quatre l\u00ednies: la primera, la generaci\u00f3 d\u2019oportunitats i reducci\u00f3 de les desigualtats amb condicions de treball dignes, teixit empresarial m\u00e9s social \u00a0i una formaci\u00f3 continuada per a tots i totes. La segona l\u00ednia \u00e9s com hem de passar d\u2019una economia lineal a una economia circular amb turisme sostenible, transici\u00f3 econ\u00f2mica i com podem arribar a la sobirania energ\u00e8tica i aliment\u00e0ria per dependre menys de l\u2019exterior.[\/vc_column_text][\/vc_column][vc_column width=&#8221;1\/2&#8243;][vc_column_text]La tercera l\u00ednia del document \u00e9s garantir els drets individuals com el dret a la salut i als cuidats, el dret a desenvolupar un projecte de vida aut\u00f2nom independentment de la seva edat o condici\u00f3, dret a la identitat, igualtat i a la no discriminaci\u00f3. La quarta l\u00ednia \u00e9s defensar els drets col\u00b7lectius com el dret a gaudir del territori i dels recursos, el dret a la ciutat i a la mobilitat sostenible i el dret a tenir una bona administraci\u00f3 que resolgui els problemes de la ciutadania.<\/p>\n<p>De Juan ha assenyalat que \u201cel proc\u00e9s de la Convenci\u00f3 Mallorca 2030 va comen\u00e7ar fa mesos i hi van participar m\u00e9s de 100 persones (coordinadors, experts i entitats) i acaba dem\u00e0 a l\u2019acte central que es dur\u00e0 a terme a Es Liceu de Marratx\u00ed. M\u00e9s de 200 delegats i delegades de les diferents agrupacions de Mallorca participaran en la Convenci\u00f3 de dem\u00e0 on es debatran les m\u00e9s de 60 esmenes que s\u2019han presentat al document marc\u201d.<\/p>\n<p>Les esmenes aprovades s\u2019inclouran en un document final que servir\u00e0 per conformar el programa electoral dels socialistes de Mallorca. El coordinador de la Convenci\u00f3 Mallorca 2030 ha concl\u00f2s que \u201cd\u2019aquesta forma ens assegurem el que sempre cercam els socialistes de Mallorca: tenir les millor idees amb un projecte conjunt i participatiu\u201d.<\/p>\n<p>La cloenda de la Convenci\u00f3 Mallorca 2030 comptar\u00e0 amb la participaci\u00f3 de la presidenta del Congr\u00e9s dels Diputats i viceprimera secret\u00e0ria del Partit Socialista de Catalunya. Meritxell Batet; la presidenta del Govern Balear i secret\u00e0ria general del PSIB-PSOE, Francina Armengol i la presidenta del Consell de Mallorca i secret\u00e0ria general de la Federaci\u00f3 Socialista de Mallorca, Catalina Cladera.[\/vc_column_text][\/vc_column][\/vc_row]\n<\/div>","protected":false},"excerpt":{"rendered":"<p>[vc_row][vc_column][vc_single_image image=&#8221;27459&#8243; img_size=&#8221;full&#8221; alignment=&#8221;center&#8221;][\/vc_column][\/vc_row][vc_row][vc_column][vc_raw_html]JTNDaWZyYW1lJTIwc3JjJTNEJTIyaHR0cHMlM0ElMkYlMkZ3d3cuaXZvb3guY29tJTJGcGxheWVyX2VqXzEwNTUwMjU1Nl82XzEuaHRtbCUzRmMxJTNEZTQwNDIyJTIyJTIwd2lkdGglM0QlMjIxMDAlMjUlMjIlMjBoZWlnaHQlM0QlMjIyMDAlMjIlMjBmcmFtZWJvcmRlciUzRCUyMjAlMjIlMjBhbGxvd2Z1bGxzY3JlZW4lM0QlMjIlMjIlMjBzY3JvbGxpbmclM0QlMjJubyUyMiUyMGxvYWRpbmclM0QlMjJsYXp5JTIyJTNFJTNDJTJGaWZyYW1lJTNF[\/vc_raw_html][\/vc_column][\/vc_row][vc_row][vc_column][vc_column_text]La Federaci\u00f3 Socialista de Mallorca culmina aquest dissabte el proc\u00e9s de la Convenci\u00f3 Mallorca 2030 despr\u00e9s de mesos de reunions amb diferents entitats i experts[\/vc_column_text][\/vc_column][\/vc_row][vc_row][vc_column width=&#8221;1\/2&#8243;][vc_column_text]El coordinador de la Convenci\u00f3 Mallorca 2030 i vicesecretari general (sectorial) de la de la Federaci\u00f3 Socialista de Mallorca, Javier de Juan, ha explicat en roda de&hellip;<\/p>\n","protected":false},"author":6,"featured_media":27459,"comment_status":"open","ping_status":"open","sticky":false,"template":"","format":"standard","meta":{"footnotes":""},"categories":[2,1,92],"tags":[461,77,226],"class_list":["post-27458","post","type-post","status-publish","format-standard","has-post-thumbnail","hentry","category-federacio-de-mallorca","category-federacio-de-mallorca-portada","category-portada","tag-convencio-mallorca-2030","tag-federacio-socialista-de-mallorca","tag-javier-de-juan"],"_links":{"self":[{"href":"https:\/\/www.psib-psoe.org\/mallorca\/wp-json\/wp\/v2\/posts\/27458"}],"collection":[{"href":"https:\/\/www.psib-psoe.org\/mallorca\/wp-json\/wp\/v2\/posts"}],"about":[{"href":"https:\/\/www.psib-psoe.org\/mallorca\/wp-json\/wp\/v2\/types\/post"}],"author":[{"embeddable":true,"href":"https:\/\/www.psib-psoe.org\/mallorca\/wp-json\/wp\/v2\/users\/6"}],"replies":[{"embeddable":true,"href":"https:\/\/www.psib-psoe.org\/mallorca\/wp-json\/wp\/v2\/comments?post=27458"}],"version-history":[{"count":0,"href":"https:\/\/www.psib-psoe.org\/mallorca\/wp-json\/wp\/v2\/posts\/27458\/revisions"}],"wp:featuredmedia":[{"embeddable":true,"href":"https:\/\/www.psib-psoe.org\/mallorca\/wp-json\/wp\/v2\/media\/27459"}],"wp:attachment":[{"href":"https:\/\/www.psib-psoe.org\/mallorca\/wp-json\/wp\/v2\/media?parent=27458"}],"wp:term":[{"taxonomy":"category","embeddable":true,"href":"https:\/\/www.psib-psoe.org\/mallorca\/wp-json\/wp\/v2\/categories?post=27458"},{"taxonomy":"post_tag","embeddable":true,"href":"https:\/\/www.psib-psoe.org\/mallorca\/wp-json\/wp\/v2\/tags?post=27458"}],"curies":[{"name":"wp","href":"https:\/\/api.w.org\/{rel}","templated":true}]}}