{"id":27482,"date":"2023-04-12T12:58:10","date_gmt":"2023-04-12T10:58:10","guid":{"rendered":"http:\/\/www.psib-psoe.org\/mallorca\/?p=27482"},"modified":"2023-04-12T12:58:10","modified_gmt":"2023-04-12T10:58:10","slug":"els-socialistes-de-soller-asseguren-que-la-politica-dhabitatge-sera-una-de-les-seves-prioritats","status":"publish","type":"post","link":"https:\/\/www.psib-psoe.org\/mallorca\/els-socialistes-de-soller-asseguren-que-la-politica-dhabitatge-sera-una-de-les-seves-prioritats\/","title":{"rendered":"Els socialistes de S\u00f3ller asseguren que la pol\u00edtica d\u2019habitatge ser\u00e0 una de les seves prioritats"},"content":{"rendered":"<div class=\"wpb-content-wrapper\">[vc_row][vc_column][vc_single_image image=&#8221;27483&#8243; img_size=&#8221;full&#8221; alignment=&#8221;center&#8221;][\/vc_column][\/vc_row][vc_row][vc_column][vc_column_text]<em><u>Jaume Mateu: \u201cS\u00f3ller necessita un Ajuntament governat per socialistes que afronti de bon de veres el problema de l\u2019habitatge\u201d<\/u><\/em>[\/vc_column_text][\/vc_column][\/vc_row][vc_row][vc_column width=&#8221;1\/2&#8243;][vc_column_text]Els socialistes de S\u00f3ller han remarcat que la pol\u00edtica d\u2019habitatge ser\u00e0 una de les prioritats que inclouran en el seu programa electoral i per les quals treballaran des de l\u2019Ajuntament a partir del 28 de maig.<\/p>\n<p>El candidat socialista a la batlia de S\u00f3ller, Jaume Mateu, ha assegurat que \u201cS\u00f3ller necessita un Ajuntament governat per socialistes que aposti per pol\u00edtiques d\u2019habitatge reals i efectives, ja que aquesta \u00e9s una de les grans necessitats del municipi. No ens podem permetre que la nostra gent, sobretot gent jove, hagi de partir de S\u00f3ller perqu\u00e8 no hi pot viure\u201d.<\/p>\n<p>L\u2019Agrupaci\u00f3 Socialista de S\u00f3ller ha fet aquestes declaracions aprofitant la visita als Habitatges de Protecci\u00f3 Oficial de Santa Eug\u00e8nia on, gr\u00e0cies a governs progressistes, s\u2019han constru\u00eft 6 nous habitatges de protecci\u00f3 oficial.<\/p>\n<p>Els socialistes sollerics han destacat el fet que gr\u00e0cies a l\u2019entesa entre institucions Santa Eug\u00e8nia ha pogut fer realitat, en nom\u00e9s 4 anys, la seva primera protecci\u00f3 d\u2019habitatge p\u00fablic destinada a lloguer social. Aquesta iniciativa ha estat possible gr\u00e0cies a que l\u2019Ajuntament ha adquirit un solar i l\u2019ha cedit al Govern, qui a trav\u00e9s de l\u2019IBAVI, ha redactat i executat el projecte arquitect\u00f2nic.[\/vc_column_text][\/vc_column][vc_column width=&#8221;1\/2&#8243;][vc_column_text]Jaume Mateu ha recordat que \u201cel pacte de dretes de l\u2019Ajuntament de S\u00f3ller va rebutjar una moci\u00f3 en la qual els socialistes proposaven que el municipi adquir\u00eds solars i els ced\u00eds al govern per a fer-hi habitatge protegit\u201d, i ha afegit que \u201ces demostra que nom\u00e9s des de governs progressistes es pot avan\u00e7ar en pol\u00edtiques d\u2019habitatge reals i serioses\u201d.<\/p>\n<p>Mateu ha concl\u00f2s que \u201cels fets demostren que hi ha una gran difer\u00e8ncia entre governs de dretes i d\u2019esquerres a l\u2019hora de fer pol\u00edtiques d\u2019habitatge. I mentre a S\u00f3ller, l\u2019Ajuntament no ha fet res en aquest \u00e0mbit, a Santa Eug\u00e8nia s\u2019han aconseguit resultats en molt poc temps. \u00c9s el que farem a S\u00f3ller quan governem\u201d.[\/vc_column_text][\/vc_column][\/vc_row]\n<\/div>","protected":false},"excerpt":{"rendered":"<p>[vc_row][vc_column][vc_single_image image=&#8221;27483&#8243; img_size=&#8221;full&#8221; alignment=&#8221;center&#8221;][\/vc_column][\/vc_row][vc_row][vc_column][vc_column_text]Jaume Mateu: \u201cS\u00f3ller necessita un Ajuntament governat per socialistes que afronti de bon de veres el problema de l\u2019habitatge\u201d[\/vc_column_text][\/vc_column][\/vc_row][vc_row][vc_column width=&#8221;1\/2&#8243;][vc_column_text]Els socialistes de S\u00f3ller han remarcat que la pol\u00edtica d\u2019habitatge ser\u00e0 una de les prioritats que inclouran en el seu programa electoral i per les quals treballaran des de l\u2019Ajuntament a partir del&hellip;<\/p>\n","protected":false},"author":6,"featured_media":27483,"comment_status":"open","ping_status":"open","sticky":false,"template":"","format":"standard","meta":{"footnotes":""},"categories":[2,1,90,92],"tags":[186,288,84,464,96],"class_list":["post-27482","post","type-post","status-publish","format-standard","has-post-thumbnail","hentry","category-federacio-de-mallorca","category-federacio-de-mallorca-portada","category-municipis","category-portada","tag-jaume-mateu","tag-pep-lluis-urraca","tag-psib-psoe","tag-socialistes-soller","tag-soller"],"_links":{"self":[{"href":"https:\/\/www.psib-psoe.org\/mallorca\/wp-json\/wp\/v2\/posts\/27482"}],"collection":[{"href":"https:\/\/www.psib-psoe.org\/mallorca\/wp-json\/wp\/v2\/posts"}],"about":[{"href":"https:\/\/www.psib-psoe.org\/mallorca\/wp-json\/wp\/v2\/types\/post"}],"author":[{"embeddable":true,"href":"https:\/\/www.psib-psoe.org\/mallorca\/wp-json\/wp\/v2\/users\/6"}],"replies":[{"embeddable":true,"href":"https:\/\/www.psib-psoe.org\/mallorca\/wp-json\/wp\/v2\/comments?post=27482"}],"version-history":[{"count":0,"href":"https:\/\/www.psib-psoe.org\/mallorca\/wp-json\/wp\/v2\/posts\/27482\/revisions"}],"wp:featuredmedia":[{"embeddable":true,"href":"https:\/\/www.psib-psoe.org\/mallorca\/wp-json\/wp\/v2\/media\/27483"}],"wp:attachment":[{"href":"https:\/\/www.psib-psoe.org\/mallorca\/wp-json\/wp\/v2\/media?parent=27482"}],"wp:term":[{"taxonomy":"category","embeddable":true,"href":"https:\/\/www.psib-psoe.org\/mallorca\/wp-json\/wp\/v2\/categories?post=27482"},{"taxonomy":"post_tag","embeddable":true,"href":"https:\/\/www.psib-psoe.org\/mallorca\/wp-json\/wp\/v2\/tags?post=27482"}],"curies":[{"name":"wp","href":"https:\/\/api.w.org\/{rel}","templated":true}]}}