{"id":27508,"date":"2023-04-18T17:18:30","date_gmt":"2023-04-18T15:18:30","guid":{"rendered":"http:\/\/www.psib-psoe.org\/mallorca\/?p=27508"},"modified":"2023-04-18T17:18:30","modified_gmt":"2023-04-18T15:18:30","slug":"bernat-roig-la-dreta-ha-fet-tants-de-desastres-al-municipi-de-ses-salines-aquesta-legislatura-que-costa-de-creure","status":"publish","type":"post","link":"https:\/\/www.psib-psoe.org\/mallorca\/bernat-roig-la-dreta-ha-fet-tants-de-desastres-al-municipi-de-ses-salines-aquesta-legislatura-que-costa-de-creure\/","title":{"rendered":"Bernat Roig: \u201cLa dreta ha fet tants de desastres al municipi de Ses Salines aquesta legislatura que costa de creure\u201d"},"content":{"rendered":"<div class=\"wpb-content-wrapper\">[vc_row][vc_column][vc_single_image image=&#8221;27509&#8243; img_size=&#8221;full&#8221; alignment=&#8221;center&#8221;][\/vc_column][\/vc_row][vc_row][vc_column][vc_column_text]<em><u>La secret\u00e0ria general de la Federaci\u00f3 Socialista de Mallorca, Catalina Cladera, ha mostrat el<\/u><\/em> <em><u>seu suport a la candidatura de Roig, que presenta la seva candidatura amb l\u2019objectiu d\u2019assolir la batlia de Ses Salines i de la Col\u00f2nia de Sant Jordi<\/u><\/em>[\/vc_column_text][\/vc_column][\/vc_row][vc_row][vc_column width=&#8221;1\/2&#8243;][vc_column_text]Bernat Roig, candidat a la batlia de Ses Salines i de la Col\u00f2nia de Sant Jordi, ha presentat la seva candidatura de coalici\u00f3 pel partit Endavant (PSIB-PSOE, M\u00c9S i INDEPENDENTS). Roig ha criticat els \u201cdesastres que ha realitzat l&#8217;equip de govern durant aquesta darrera legislatura\u201d. Afirma que \u201cs\u00f3n tants que la gent no s&#8217;ho pot imaginar\u201d.<\/p>\n<p>Al comen\u00e7ament de la seva intervenci\u00f3, ha fet refer\u00e8ncia a la gesti\u00f3 de l&#8217;Ajuntament davant la pand\u00e8mia de la COVID-19 i ha criticat la manca de transpar\u00e8ncia i informaci\u00f3 per part de l\u2019equip de govern. Roig ha comentat que ell i els seus regidors van insistir qu\u00e8 es convoquessin reunions, per\u00f2 l\u2019equip de govern les rebutjava fins que van acceptar despr\u00e9s que sort\u00eds publicat a premsa.<\/p>\n<p>Una altra queixa que ha destacat Roig \u00e9s la despreocupaci\u00f3 del batle pels ve\u00efns i ve\u00efnes. Roig ha destacat que \u201cs\u00f3n els mateixos ve\u00efnats els que em traslladen les seves queixes, per exemple, la Federaci\u00f3 Balear de Tir de Fona em va telefonar perqu\u00e8 l\u2019Ajuntament no responia, quan el nostre municipi \u00e9s un referent mundial d\u2019aquesta pr\u00e0ctica\u201d.[\/vc_column_text][\/vc_column][vc_column width=&#8221;1\/2&#8243;][vc_column_text]Per acabar, Roig ha presentat la candidatura d\u2019Endavant per les pr\u00f2ximes eleccions del 28 de maig. Roig ha concl\u00f2s que \u201cpresentar\u00e9, un programa electoral molt ambici\u00f3s on les seves dues prioritats s\u00f3n la creaci\u00f3 d&#8217;un Nou Pla Urban\u00edstic i donar m\u00e9s import\u00e0ncia als joves del municipi\u201d.<\/p>\n<p>Per la seva banda, la secret\u00e0ria general de la Federaci\u00f3 Socialista de Mallorca, Catalina Cladera, ha posat en valor la capacitat de di\u00e0leg i d&#8217;acord per fer una coalici\u00f3 d&#8217;esquerres assolir un canvi necessari i esperat pel municipi.<\/p>\n<p>Catalina Cladera ha concl\u00f2s dient &#8220;la dreta que vol governar a les Illes Balear \u00e9s una dreta \u2018desnortada\u2019, sense projecte i capa\u00e7 de tornar a recuperar la corrupci\u00f3 que ja ten\u00edem desterrada. Si la primera l\u00ednia d&#8217;un programa electoral \u00e9s reduir impostos, vol dir que tot el de darrere no \u00e9s veritat&#8221;.[\/vc_column_text][\/vc_column][\/vc_row]\n<\/div>","protected":false},"excerpt":{"rendered":"<p>[vc_row][vc_column][vc_single_image image=&#8221;27509&#8243; img_size=&#8221;full&#8221; alignment=&#8221;center&#8221;][\/vc_column][\/vc_row][vc_row][vc_column][vc_column_text]La secret\u00e0ria general de la Federaci\u00f3 Socialista de Mallorca, Catalina Cladera, ha mostrat el seu suport a la candidatura de Roig, que presenta la seva candidatura amb l\u2019objectiu d\u2019assolir la batlia de Ses Salines i de la Col\u00f2nia de Sant Jordi[\/vc_column_text][\/vc_column][\/vc_row][vc_row][vc_column width=&#8221;1\/2&#8243;][vc_column_text]Bernat Roig, candidat a la batlia de Ses Salines i de&hellip;<\/p>\n","protected":false},"author":6,"featured_media":27509,"comment_status":"open","ping_status":"open","sticky":false,"template":"","format":"standard","meta":{"footnotes":""},"categories":[90,92],"tags":[179,182],"class_list":["post-27508","post","type-post","status-publish","format-standard","has-post-thumbnail","hentry","category-municipis","category-portada","tag-bernat-roig","tag-endavant"],"_links":{"self":[{"href":"https:\/\/www.psib-psoe.org\/mallorca\/wp-json\/wp\/v2\/posts\/27508"}],"collection":[{"href":"https:\/\/www.psib-psoe.org\/mallorca\/wp-json\/wp\/v2\/posts"}],"about":[{"href":"https:\/\/www.psib-psoe.org\/mallorca\/wp-json\/wp\/v2\/types\/post"}],"author":[{"embeddable":true,"href":"https:\/\/www.psib-psoe.org\/mallorca\/wp-json\/wp\/v2\/users\/6"}],"replies":[{"embeddable":true,"href":"https:\/\/www.psib-psoe.org\/mallorca\/wp-json\/wp\/v2\/comments?post=27508"}],"version-history":[{"count":0,"href":"https:\/\/www.psib-psoe.org\/mallorca\/wp-json\/wp\/v2\/posts\/27508\/revisions"}],"wp:featuredmedia":[{"embeddable":true,"href":"https:\/\/www.psib-psoe.org\/mallorca\/wp-json\/wp\/v2\/media\/27509"}],"wp:attachment":[{"href":"https:\/\/www.psib-psoe.org\/mallorca\/wp-json\/wp\/v2\/media?parent=27508"}],"wp:term":[{"taxonomy":"category","embeddable":true,"href":"https:\/\/www.psib-psoe.org\/mallorca\/wp-json\/wp\/v2\/categories?post=27508"},{"taxonomy":"post_tag","embeddable":true,"href":"https:\/\/www.psib-psoe.org\/mallorca\/wp-json\/wp\/v2\/tags?post=27508"}],"curies":[{"name":"wp","href":"https:\/\/api.w.org\/{rel}","templated":true}]}}