{"id":27512,"date":"2023-04-21T20:45:52","date_gmt":"2023-04-21T18:45:52","guid":{"rendered":"http:\/\/www.psib-psoe.org\/mallorca\/?p=27512"},"modified":"2023-05-06T20:11:59","modified_gmt":"2023-05-06T18:11:59","slug":"el-partit-socialista-aconsegueix-tenir-el-poder-mes-gran-municipal-de-la-historia-50-municipis-de-mallorca-tindran-representacio-socialista-per-sortir-a-guanyar-el-28-de-maig","status":"publish","type":"post","link":"https:\/\/www.psib-psoe.org\/mallorca\/el-partit-socialista-aconsegueix-tenir-el-poder-mes-gran-municipal-de-la-historia-50-municipis-de-mallorca-tindran-representacio-socialista-per-sortir-a-guanyar-el-28-de-maig\/","title":{"rendered":"El Partit Socialista aconsegueix tenir el poder m\u00e9s gran municipal de la hist\u00f2ria: 50 municipis de Mallorca tindran representaci\u00f3 socialista per \u201csortir a guanyar\u201d el 28 de maig"},"content":{"rendered":"<div class=\"wpb-content-wrapper\">[vc_row][vc_column][vc_single_image image=&#8221;27513&#8243; img_size=&#8221;full&#8221; alignment=&#8221;center&#8221;][\/vc_column][\/vc_row][vc_row][vc_column][vc_column_text]\n<p style=\"font-weight: 400;\"><em><u>Catalina Cladera: \u201cAquestes 50 persones es deixaran la pell per la gent del seu municipi, i amb les seves candidatures s\u00f3n m\u00e9s de 800 persones que faran feina per guanyar i continuar transformant Mallorca a millor\u201d<\/u><\/em><\/p>\n[\/vc_column_text][\/vc_column][\/vc_row][vc_row][vc_column width=&#8221;1\/2&#8243;][vc_column_text]\n<div class=\"wpb_column columns small-12 medium-6 thb-dark-column\">\n<div class=\"vc_column-inner \">\n<div class=\"wpb_wrapper\">\n<div class=\"wpb_text_column wpb_content_element \">\n<div class=\"wpb_wrapper\">\n<p style=\"font-weight: 400;\">La Secret\u00e0ria General de la Federaci\u00f3 Socialista de Mallorca, presidenta del Consell de Mallorca i candidata a la reelecci\u00f3, Catalina Cladera, ha presentat les candidatures socialistes per a les properes eleccions del 28 de maig on ha ressaltat que \u201cels socialistes hem aconseguit una fita hist\u00f2rica: tenir representaci\u00f3 socialista a 50 municipis de Mallorca\u201d. \u201cAquestes 50 persones es deixaran la pell per la gent del seu municipi, i amb les seves candidatures s\u00f3n, \u00e9s de 800 persones que faran feina per guanyar i continuar transformant Mallorca a millor\u201d, ha dit la socialista a l\u2019acte de presentaci\u00f3 de candidats i candidates.<\/p>\n<p style=\"font-weight: 400;\">D\u2019aquesta manera, Cladera ha agra\u00eft a les 50 persones que representaran al Partit Socialista a les eleccions del 28 de maig, ja que segons ha dit \u201cvos espera un moment il\u00b7lusionant, de feina immensa i de compartir moments amb la gent del vostre poble per aconseguir tenir la representaci\u00f3 socialista m\u00e9s gran de la hist\u00f2ria\u201d, i hi ha afegit que \u201cvolem tenir el m\u00e0xim de batles i batlesses socialistes i volem la majoria a Calvi\u00e0 i a Inca, i estic segura que ho aconseguirem\u201d.<\/p>\n<p style=\"font-weight: 400;\">A m\u00e9s a m\u00e9s, la socialista ha exposat que \u201cel Partit Socialista t\u00e9 una for\u00e7a municipalista que creix m\u00e9s que mai, gr\u00e0cies als 8 anys de govern de progr\u00e9s amb Francina Armengol i hem d\u2019aconseguir guanyar al Consell de Mallorca i que Francina continu\u00ef sent presidenta de les Illes Balears per poder ajudar als batles i batlesses a fer realitat els somnis que tenen pel seu municipi\u201d. \u201cPerqu\u00e8 hi ha molta difer\u00e8ncia quan vas a un ajuntament que t\u00e9 un batle socialista i a un que no, perqu\u00e8 els socialistes proposen solucions, proposen millores i treballam dia a dia per millorar la vida de la gent del seu poble\u201d, ha dit.<\/p>\n<p style=\"font-weight: 400;\">\n<\/div>\n<\/div>\n<\/div>\n<\/div>\n<\/div>\n[\/vc_column_text][\/vc_column][vc_column width=&#8221;1\/2&#8243;][vc_column_text]Per la seva part, la Secret\u00e0ria General del PSIB-PSOE, presidenta del Govern de les Illes Balears i candidata a la reelecci\u00f3, Francina Armengol, ha expressat que \u201cem sent molt orgullosa de tots i cada una de les persones que representaran el Partit Socialista a les properes eleccions del 28 de maig\u201d, i hi ha aprofitat per incidir que \u201chem tingut molta sort de tenir molts de batles i batlesses socialistes aquesta legislatura perqu\u00e8 quan hi ha un batle socialista, no sumam sin\u00f3 que multiplicam\u201d.<\/p>\n<p style=\"font-weight: 400;\">\u201cHem demostrat que som gent de fiar, gent compromesa, gent de pacte, de di\u00e0leg i fer xarxa i, per aix\u00f2, aconseguirem tenir el m\u00e0xim de batles i batlesses a Mallorca\u201d, ha subratllat Armengol. \u201cNing\u00fa ens regala res, hem de sortir al carrer a guanyar i jo vos asseguro que aix\u00ed ho farem: guanyarem les eleccions perqu\u00e8 sortim per guanyar; i ho volem fer per transformar les Illes a millor\u201d, ha detallat.<\/p>\n<p style=\"font-weight: 400;\">Finalment, el Secretari General de l\u2019Agrupaci\u00f3 Socialista de Palma, batle de Palma i candidat a la reelecci\u00f3, Jose Hila, ha expressat que \u201ctenim el millor talent, els millors candidats, les millors llistes i la millor milit\u00e0ncia per guanyar les eleccions del 28 de maig\u201d. \u201cEstam demostrant la nostra for\u00e7a transformadora a cadascun dels municipis de Mallorca perqu\u00e8 tenim serietat, valors i moltes ganes de fer feina per la gent; per\u00f2 aix\u00f2 no ser\u00e0 possible si no aconseguim tamb\u00e9 sumar forces per \u00a0Cladera al Consell de Mallorca i per Armengol al Govern de les Illes Balears\u201d, ha concl\u00f2s el socialista.<\/p>\n[\/vc_column_text][\/vc_column][\/vc_row]\n<\/div>","protected":false},"excerpt":{"rendered":"<p>[vc_row][vc_column][vc_single_image image=&#8221;27513&#8243; img_size=&#8221;full&#8221; alignment=&#8221;center&#8221;][\/vc_column][\/vc_row][vc_row][vc_column][vc_column_text] Catalina Cladera: \u201cAquestes 50 persones es deixaran la pell per la gent del seu municipi, i amb les seves candidatures s\u00f3n m\u00e9s de 800 persones que faran feina per guanyar i continuar transformant Mallorca a millor\u201d [\/vc_column_text][\/vc_column][\/vc_row][vc_row][vc_column width=&#8221;1\/2&#8243;][vc_column_text] La Secret\u00e0ria General de la Federaci\u00f3 Socialista de Mallorca, presidenta del Consell de&hellip;<\/p>\n","protected":false},"author":4,"featured_media":27513,"comment_status":"open","ping_status":"open","sticky":false,"template":"","format":"standard","meta":{"footnotes":""},"categories":[2,92],"tags":[],"class_list":["post-27512","post","type-post","status-publish","format-standard","has-post-thumbnail","hentry","category-federacio-de-mallorca","category-portada"],"_links":{"self":[{"href":"https:\/\/www.psib-psoe.org\/mallorca\/wp-json\/wp\/v2\/posts\/27512"}],"collection":[{"href":"https:\/\/www.psib-psoe.org\/mallorca\/wp-json\/wp\/v2\/posts"}],"about":[{"href":"https:\/\/www.psib-psoe.org\/mallorca\/wp-json\/wp\/v2\/types\/post"}],"author":[{"embeddable":true,"href":"https:\/\/www.psib-psoe.org\/mallorca\/wp-json\/wp\/v2\/users\/4"}],"replies":[{"embeddable":true,"href":"https:\/\/www.psib-psoe.org\/mallorca\/wp-json\/wp\/v2\/comments?post=27512"}],"version-history":[{"count":0,"href":"https:\/\/www.psib-psoe.org\/mallorca\/wp-json\/wp\/v2\/posts\/27512\/revisions"}],"wp:featuredmedia":[{"embeddable":true,"href":"https:\/\/www.psib-psoe.org\/mallorca\/wp-json\/wp\/v2\/media\/27513"}],"wp:attachment":[{"href":"https:\/\/www.psib-psoe.org\/mallorca\/wp-json\/wp\/v2\/media?parent=27512"}],"wp:term":[{"taxonomy":"category","embeddable":true,"href":"https:\/\/www.psib-psoe.org\/mallorca\/wp-json\/wp\/v2\/categories?post=27512"},{"taxonomy":"post_tag","embeddable":true,"href":"https:\/\/www.psib-psoe.org\/mallorca\/wp-json\/wp\/v2\/tags?post=27512"}],"curies":[{"name":"wp","href":"https:\/\/api.w.org\/{rel}","templated":true}]}}