{"id":27527,"date":"2023-04-25T20:09:58","date_gmt":"2023-04-25T18:09:58","guid":{"rendered":"http:\/\/www.psib-psoe.org\/mallorca\/?p=27527"},"modified":"2023-04-25T20:09:58","modified_gmt":"2023-04-25T18:09:58","slug":"catalina-cladera-es-compromet-a-crear-agencia-mallorquina-del-sol-per-augmentar-el-parc","status":"publish","type":"post","link":"https:\/\/www.psib-psoe.org\/mallorca\/catalina-cladera-es-compromet-a-crear-agencia-mallorquina-del-sol-per-augmentar-el-parc\/","title":{"rendered":"Catalina Cladera es compromet a crear l\u2019Ag\u00e8ncia Mallorquina del S\u00f2l per augmentar el parc d\u2019habitatge p\u00fablic de l\u2019illa"},"content":{"rendered":"<div class=\"wpb-content-wrapper\">[vc_row][vc_column width=&#8221;1\/2&#8243;][vc_single_image image=&#8221;27528&#8243; img_size=&#8221;full&#8221; alignment=&#8221;center&#8221;][\/vc_column][vc_column width=&#8221;1\/2&#8243;][vc_single_image image=&#8221;27529&#8243; img_size=&#8221;full&#8221; alignment=&#8221;center&#8221;][\/vc_column][\/vc_row][vc_row][vc_column][vc_column_text]\n<p style=\"font-weight: 400;\"><em><u>La presidenta del Consell de Mallorca i candidata a la reelecci\u00f3 ha adquirit aquest comprom\u00eds durant el debat organitzat per Joves Arquitectes de Mallorca sobre el model territorial de l\u2019illa<\/u><\/em><\/p>\n[\/vc_column_text][\/vc_column][\/vc_row][vc_row][vc_column width=&#8221;1\/2&#8243;][vc_column_text]\n<p style=\"font-weight: 400;\">La Secret\u00e0ria General de la Federaci\u00f3 Socialista de Mallorca, presidenta del Consell de Mallorca i candidata a la reelecci\u00f3, Catalina Cladera, s\u2019ha comprom\u00e8s a crear l\u2019Ag\u00e8ncia Mallorquina del S\u00f2l amb l\u2019objectiu d\u2019augmentar el parc p\u00fablic d\u2019habitatge de l\u2019illa.<\/p>\n<p style=\"font-weight: 400;\">La socialista ha adquirit aquest comprom\u00eds durant el debat organitzat per Joves Arquitectes de Mallorca sobre el model territorial de l\u2019illa. La candidata a la reelecci\u00f3 tamb\u00e9 ha anunciat que el Consell de Mallorca alliberar\u00e0 s\u00f2l per construir-hi habitatge p\u00fablic protegit a trav\u00e9s d\u2019una modificaci\u00f3 del Pla Territorial Insular.<\/p>\n<p style=\"font-weight: 400;\">Aix\u00ed mateix, ha reiterat el comprom\u00eds de destinar 40 milions d\u2019euros a la compra d\u2019habitatges per posar-los a disposici\u00f3 dels col\u00b7lectius vulnerables durant la pr\u00f2xima legislatura. \u201cPosam la pol\u00edtica d\u2019habitatge p\u00fablic en el centre de la nostra acci\u00f3 com a Govern de Mallorca, conscients que \u00e9s un dels reptes m\u00e9s grans que podem afrontar\u201d, ha destacat, alhora que ha aprofitat les preguntes al debat per fer valdre les mesures dutes a terme per la instituci\u00f3 que presideix durant aquests quatre anys.<\/p>\n<p style=\"font-weight: 400;\">\u201cTrobar sortides viables a la necessitat social d\u2019una part de la nostra ciutadania de trobar un habitatge en condicions i a preu raonable s\u2019ha convertit en la prioritat n\u00famero u de les administracions locals, insulars, auton\u00f2miques i estatals\u201d, ha asseverat Cladera, reivindicant que els socialistes \u201cli traurem el m\u00e0xim suc possible a tots els recursos per evitar que la manca d\u2019habitatge a preu raonable es converteixi en un motor de la desigualtat que des del PSIB-PSOE volem combatre\u201d.<\/p>\n[\/vc_column_text][\/vc_column][vc_column width=&#8221;1\/2&#8243;][vc_column_text]\n<p style=\"font-weight: 400;\">La presidenta del Consell de Mallorca tamb\u00e9 ha defensat que \u201cno hi ha una resposta \u00fanica per fer front al repte de l\u2019habitatge\u201d, i que aquest s\u2019ha d\u2019afrontar des de diferents vies. \u201cEl fet d\u2019eliminar les places de la borsa d\u2019allotjaments tur\u00edstics i, per tant, la concessi\u00f3 de noves places tur\u00edstiques a tot Mallorca, com tamb\u00e9 l\u2019aflorament de borses d\u2019habitatges tur\u00edstiques il\u00b7legals, sobretot a plurifamiliar de Palma, no nom\u00e9s ens permet ordenar millor l\u2019oferta i evitar la saturaci\u00f3 de zones madures, sin\u00f3 que far\u00e0 que aquest parc d\u2019habitatge surti al mercat de lloguer residencial de llarga durada\u201d, ha explicat Cladera.<\/p>\n<p style=\"font-weight: 400;\">Tamb\u00e9 ha volgut fer especial inc\u00eds en el fet que l\u2019increment de l\u2019oferta ha d\u2019incidir a la baixa en el preu i reivindicant \u201csolucions que no depredin territori ni passin estrictament ni \u00fanicament per la promoci\u00f3 d\u2019habitatges\u201d. \u201cTotes aquestes mesures reforcen les previstes a la Llei estatal d\u2019Habitatge perqu\u00e8 tenim governs progressistes que defensen la funci\u00f3 social de l\u2019habitatge, de la mateixa manera que ho v\u00e0rem fer amb la primera llei d\u2019Habitatge de les Illes balears\u201d, ha destacat la socialista alhora que ha refermat el comprom\u00eds del partit que representa \u201cper fer de l\u2019habitatge el cinqu\u00e8 pilar de l\u2019Estat del Benestar\u201d.<\/p>\n<p style=\"font-weight: 400;\">Cladera tamb\u00e9 ha anunciat que \u201cimpulsar\u00e0 la posta en marxa d&#8217;una \u00e0rea metropolitana amb \u00e0mbit d&#8217;actuaci\u00f3 de Palma, Calvi\u00e0, Marratx\u00ed i Llucmajor per coordinar pol\u00edtiques de mobilitat sostenible, entre d&#8217;altres\u201d.<\/p>\n<p style=\"font-weight: 400;\">\u201cEns presentam a aquestes eleccions despr\u00e9s que en aquests vuit anys s\u2019hagi fet la m\u00e9s important pol\u00edtica en habitatge p\u00fablic en la hist\u00f2ria de Balears\u201d, ha concl\u00f2s Cladera.<\/p>\n[\/vc_column_text][\/vc_column][\/vc_row]\n<\/div>","protected":false},"excerpt":{"rendered":"<p>[vc_row][vc_column width=&#8221;1\/2&#8243;][vc_single_image image=&#8221;27528&#8243; img_size=&#8221;full&#8221; alignment=&#8221;center&#8221;][\/vc_column][vc_column width=&#8221;1\/2&#8243;][vc_single_image image=&#8221;27529&#8243; img_size=&#8221;full&#8221; alignment=&#8221;center&#8221;][\/vc_column][\/vc_row][vc_row][vc_column][vc_column_text] La presidenta del Consell de Mallorca i candidata a la reelecci\u00f3 ha adquirit aquest comprom\u00eds durant el debat organitzat per Joves Arquitectes de Mallorca sobre el model territorial de l\u2019illa [\/vc_column_text][\/vc_column][\/vc_row][vc_row][vc_column width=&#8221;1\/2&#8243;][vc_column_text] La Secret\u00e0ria General de la Federaci\u00f3 Socialista de Mallorca, presidenta del Consell de Mallorca&hellip;<\/p>\n","protected":false},"author":3,"featured_media":27528,"comment_status":"open","ping_status":"open","sticky":false,"template":"","format":"standard","meta":{"footnotes":""},"categories":[90,92],"tags":[105,467,466],"class_list":["post-27527","post","type-post","status-publish","format-standard","has-post-thumbnail","hentry","category-municipis","category-portada","tag-catalina-cladera","tag-debat","tag-eleccions-maig-2023"],"_links":{"self":[{"href":"https:\/\/www.psib-psoe.org\/mallorca\/wp-json\/wp\/v2\/posts\/27527"}],"collection":[{"href":"https:\/\/www.psib-psoe.org\/mallorca\/wp-json\/wp\/v2\/posts"}],"about":[{"href":"https:\/\/www.psib-psoe.org\/mallorca\/wp-json\/wp\/v2\/types\/post"}],"author":[{"embeddable":true,"href":"https:\/\/www.psib-psoe.org\/mallorca\/wp-json\/wp\/v2\/users\/3"}],"replies":[{"embeddable":true,"href":"https:\/\/www.psib-psoe.org\/mallorca\/wp-json\/wp\/v2\/comments?post=27527"}],"version-history":[{"count":0,"href":"https:\/\/www.psib-psoe.org\/mallorca\/wp-json\/wp\/v2\/posts\/27527\/revisions"}],"wp:featuredmedia":[{"embeddable":true,"href":"https:\/\/www.psib-psoe.org\/mallorca\/wp-json\/wp\/v2\/media\/27528"}],"wp:attachment":[{"href":"https:\/\/www.psib-psoe.org\/mallorca\/wp-json\/wp\/v2\/media?parent=27527"}],"wp:term":[{"taxonomy":"category","embeddable":true,"href":"https:\/\/www.psib-psoe.org\/mallorca\/wp-json\/wp\/v2\/categories?post=27527"},{"taxonomy":"post_tag","embeddable":true,"href":"https:\/\/www.psib-psoe.org\/mallorca\/wp-json\/wp\/v2\/tags?post=27527"}],"curies":[{"name":"wp","href":"https:\/\/api.w.org\/{rel}","templated":true}]}}