{"id":27531,"date":"2023-04-26T19:28:58","date_gmt":"2023-04-26T17:28:58","guid":{"rendered":"http:\/\/www.psib-psoe.org\/mallorca\/?p=27531"},"modified":"2023-04-26T19:28:58","modified_gmt":"2023-04-26T17:28:58","slug":"catalina-cladera-presenta-la-candidatura-del-psib-psoe-al-consell-de-mallorca-pensada-per-tornar-a-governar-quatre-anys-mes-i-que-combina-renovacio-i-experiencia","status":"publish","type":"post","link":"https:\/\/www.psib-psoe.org\/mallorca\/catalina-cladera-presenta-la-candidatura-del-psib-psoe-al-consell-de-mallorca-pensada-per-tornar-a-governar-quatre-anys-mes-i-que-combina-renovacio-i-experiencia\/","title":{"rendered":"Catalina Cladera presenta la candidatura del PSIB-PSOE al Consell de Mallorca pensada per \u201ctornar a governar quatre anys m\u00e9s\u201d i que combina renovaci\u00f3 i experi\u00e8ncia"},"content":{"rendered":"<div class=\"wpb-content-wrapper\">[vc_row][vc_column][vc_single_image image=&#8221;27532&#8243; img_size=&#8221;full&#8221; alignment=&#8221;center&#8221;][\/vc_column][\/vc_row][vc_row][vc_column][vc_raw_html]JTNDaWZyYW1lJTIwc3JjJTNEJTIyaHR0cHMlM0ElMkYlMkZ3d3cuaXZvb3guY29tJTJGcGxheWVyX2VqXzEwNzA0NzE5NF82XzEuaHRtbCUzRmMxJTNEZTQwNDIyJTIyJTIwd2lkdGglM0QlMjIxMDAlMjUlMjIlMjBoZWlnaHQlM0QlMjIyMDAlMjIlMjBmcmFtZWJvcmRlciUzRCUyMjAlMjIlMjBhbGxvd2Z1bGxzY3JlZW4lM0QlMjIlMjIlMjBzY3JvbGxpbmclM0QlMjJubyUyMiUyMGxvYWRpbmclM0QlMjJsYXp5JTIyJTNFJTNDJTJGaWZyYW1lJTNF[\/vc_raw_html][\/vc_column][\/vc_row][vc_row][vc_column][vc_column_text]<em><u>Catalina Cladera: \u201c\u00c9s una candidatura pensada per tornar a governar 4 anys m\u00e9s des del rigor, la dedicaci\u00f3 constant i el comprom\u00eds amb els ciutadans i ciutadans de Mallorca, com hem fet des de 2015\u201d<\/u><\/em>[\/vc_column_text][\/vc_column][\/vc_row][vc_row][vc_column width=&#8221;1\/2&#8243;][vc_column_text]La presidenta i candidata a la presid\u00e8ncia del Consell de Mallorca, Catalina Cladera, ha presentat als Jardins de la Miseric\u00f2rdia la candidatura del Partit Socialista al Consell de Mallorca. Cladera ha comentat que \u201c\u00e9s una candidatura pensada per tornar a governar 8 anys m\u00e9s des del rigor, la dedicaci\u00f3 constant i el comprom\u00eds amb els ciutadans i ciutadans de Mallorca, com hem fet des de 2015\u201d.<\/p>\n<p>A m\u00e9s, Cladera ha comentat que la candidatura presentada \u00e9s \u201cun gran equip, plural, divers preparat i comprom\u00e8s que ara mateix ja podria comen\u00e7ar a fer feina per Mallorca\u201d. La secret\u00e0ria general de la Federaci\u00f3 Socialista de Mallorca ha afegit que \u201cestam millor preparats que mai per afrontar els reptes socials, econ\u00f2mics i mediambientals de Mallorca\u201d.[\/vc_column_text][\/vc_column][vc_column width=&#8221;1\/2&#8243;][vc_column_text]D\u2019altra banda, Cladera ha destacat que \u201c\u00e9s la candidatura m\u00e9s solvent per tornar a liderar el Consell de Mallorca que combina joventut i experi\u00e8ncia. Un equip de persones que coneix el Consell de Mallorca i les seves compet\u00e8ncies, que t\u00e9 experi\u00e8ncia de gesti\u00f3 i que coneix el territori de Mallorca\u201d.<\/p>\n<p>Cladera ha concl\u00f2s que \u201cem fa molta il\u00b7lusi\u00f3 encap\u00e7alar aquesta candidatura i estic disposta a deixar-me la pell per tornar a ser primera for\u00e7a i tornar a vertebrar una majoria d\u2019esquerres que asseguri el present i el futur de la nostra illa\u201d.[\/vc_column_text][\/vc_column][\/vc_row]\n<\/div>","protected":false},"excerpt":{"rendered":"<p>[vc_row][vc_column][vc_single_image image=&#8221;27532&#8243; img_size=&#8221;full&#8221; alignment=&#8221;center&#8221;][\/vc_column][\/vc_row][vc_row][vc_column][vc_raw_html]JTNDaWZyYW1lJTIwc3JjJTNEJTIyaHR0cHMlM0ElMkYlMkZ3d3cuaXZvb3guY29tJTJGcGxheWVyX2VqXzEwNzA0NzE5NF82XzEuaHRtbCUzRmMxJTNEZTQwNDIyJTIyJTIwd2lkdGglM0QlMjIxMDAlMjUlMjIlMjBoZWlnaHQlM0QlMjIyMDAlMjIlMjBmcmFtZWJvcmRlciUzRCUyMjAlMjIlMjBhbGxvd2Z1bGxzY3JlZW4lM0QlMjIlMjIlMjBzY3JvbGxpbmclM0QlMjJubyUyMiUyMGxvYWRpbmclM0QlMjJsYXp5JTIyJTNFJTNDJTJGaWZyYW1lJTNF[\/vc_raw_html][\/vc_column][\/vc_row][vc_row][vc_column][vc_column_text]Catalina Cladera: \u201c\u00c9s una candidatura pensada per tornar a governar 4 anys m\u00e9s des del rigor, la dedicaci\u00f3 constant i el comprom\u00eds amb els ciutadans i ciutadans de Mallorca, com hem fet des de 2015\u201d[\/vc_column_text][\/vc_column][\/vc_row][vc_row][vc_column width=&#8221;1\/2&#8243;][vc_column_text]La presidenta i candidata a la presid\u00e8ncia del Consell de Mallorca, Catalina Cladera, ha presentat als Jardins&hellip;<\/p>\n","protected":false},"author":6,"featured_media":27532,"comment_status":"open","ping_status":"open","sticky":false,"template":"","format":"standard","meta":{"footnotes":""},"categories":[89,2,1,92],"tags":[105,83,84],"class_list":["post-27531","post","type-post","status-publish","format-standard","has-post-thumbnail","hentry","category-consell-de-mallorca","category-federacio-de-mallorca","category-federacio-de-mallorca-portada","category-portada","tag-catalina-cladera","tag-consell-de-mallorca","tag-psib-psoe"],"_links":{"self":[{"href":"https:\/\/www.psib-psoe.org\/mallorca\/wp-json\/wp\/v2\/posts\/27531"}],"collection":[{"href":"https:\/\/www.psib-psoe.org\/mallorca\/wp-json\/wp\/v2\/posts"}],"about":[{"href":"https:\/\/www.psib-psoe.org\/mallorca\/wp-json\/wp\/v2\/types\/post"}],"author":[{"embeddable":true,"href":"https:\/\/www.psib-psoe.org\/mallorca\/wp-json\/wp\/v2\/users\/6"}],"replies":[{"embeddable":true,"href":"https:\/\/www.psib-psoe.org\/mallorca\/wp-json\/wp\/v2\/comments?post=27531"}],"version-history":[{"count":0,"href":"https:\/\/www.psib-psoe.org\/mallorca\/wp-json\/wp\/v2\/posts\/27531\/revisions"}],"wp:featuredmedia":[{"embeddable":true,"href":"https:\/\/www.psib-psoe.org\/mallorca\/wp-json\/wp\/v2\/media\/27532"}],"wp:attachment":[{"href":"https:\/\/www.psib-psoe.org\/mallorca\/wp-json\/wp\/v2\/media?parent=27531"}],"wp:term":[{"taxonomy":"category","embeddable":true,"href":"https:\/\/www.psib-psoe.org\/mallorca\/wp-json\/wp\/v2\/categories?post=27531"},{"taxonomy":"post_tag","embeddable":true,"href":"https:\/\/www.psib-psoe.org\/mallorca\/wp-json\/wp\/v2\/tags?post=27531"}],"curies":[{"name":"wp","href":"https:\/\/api.w.org\/{rel}","templated":true}]}}