{"id":27558,"date":"2023-05-05T10:41:47","date_gmt":"2023-05-05T08:41:47","guid":{"rendered":"http:\/\/www.psib-psoe.org\/mallorca\/?p=27558"},"modified":"2023-05-05T10:41:47","modified_gmt":"2023-05-05T08:41:47","slug":"catalina-cladera-soller-es-mereix-un-canvi-liderat-pel-psib-psoe-i-jaume-mateu","status":"publish","type":"post","link":"https:\/\/www.psib-psoe.org\/mallorca\/catalina-cladera-soller-es-mereix-un-canvi-liderat-pel-psib-psoe-i-jaume-mateu\/","title":{"rendered":"Catalina Cladera: \u201cS\u00f3ller es mereix un canvi liderat pel PSIB-PSOE i Jaume Mateu\u201d"},"content":{"rendered":"<div class=\"wpb-content-wrapper\">[vc_row][vc_column][vc_single_image image=&#8221;27559&#8243; img_size=&#8221;full&#8221; alignment=&#8221;center&#8221;][\/vc_column][\/vc_row][vc_row][vc_column][vc_column_text]<em><u>La secret\u00e0ria general de la Federaci\u00f3 Socialista de Mallorca, Catalina Cladera, ha acompanyat a Jaume Mateu en la presentaci\u00f3 de la candidatura socialista per S\u00f3ller<\/u><\/em>[\/vc_column_text][\/vc_column][\/vc_row][vc_row][vc_column width=&#8221;1\/2&#8243;][vc_column_text]Jaume Mateu ha presentat la candidatura socialista per S\u00f3ller per les eleccions del 28 de maig de 2023. La secret\u00e0ria general de la Federaci\u00f3 Socialista de Mallorca, Catalina Cladera i la secret\u00e0ria de pol\u00edtica auton\u00f2mica del PSIB-PSOE, Mercedes Garrido, tamb\u00e9 han participat en la presentaci\u00f3 de la candidatura socialista per S\u00f3ller.<\/p>\n<p>El candidat a la batlia de S\u00f3ller, Jaume Mateu, ha destacat que \u201cvolem un canvi de bon de veres a S\u00f3ller, fa quatre anys que l\u2019actual equip de govern no fa res pel poble. M\u2019acompanya un equip de gent valenta, preparada per aconseguir el canvi que volem tots i totes a S\u00f3ller\u201d.<\/p>\n<p>Mateu ha aprofitat la presentaci\u00f3 de la candidatura socialista a l\u2019Ajuntament de S\u00f3ller per explicar les principals l\u00ednies del programa \u201cserem un Ajuntament que cuidi de la seva gent\u201d.<\/p>\n<p>El programa electoral dels socialistes de S\u00f3ller est\u00e0 centrat a atendre a totes les etapes de la vida, des de la inf\u00e0ncia fins a la vellesa. Mateu ha comentat que \u201cS\u00f3ller necessita escoletes, treballarem per augmentar les places d\u2019escoleta, cuidarem i renovarem els carrers i parcs, facilitarem l\u2019acc\u00e9s a l\u2019habitatge pels joves del poble i augmentarem els serveis per la gent gran de S\u00f3ller\u201d.<\/p>\n<p>Per acabar, Mateu ha presentat un a un la seva candidatura, composta per dones i homes d\u2019entre 18 i 89 anys. \u201cHem format un gran equip, gent nova i gent amb experi\u00e8ncia, gent amb capacitat de gesti\u00f3 i amb moltes ganes de portar el canvi a S\u00f3ller i treballar pels seus ve\u00efnats i ve\u00efnades\u201d ha concl\u00f2s Mateu.[\/vc_column_text][\/vc_column][vc_column width=&#8221;1\/2&#8243;][vc_column_text]Per acabar, Mateu ha presentat un a un la seva candidatura, composta per dones i homes d\u2019entre 18 i 89 anys. \u201cHem format un gran equip, gent nova i gent amb experi\u00e8ncia, gent amb capacitat de gesti\u00f3 i amb moltes ganes de portar el canvi a S\u00f3ller i treballar pels seus ve\u00efnats i ve\u00efnades\u201d ha concl\u00f2s Mateu.<\/p>\n<p>La secret\u00e0ria general de l\u2019FSM, Catalina Cladera, ha participat en la presentaci\u00f3 de la candidatura i, de Jaume, ha assenyalat que \u201c\u00e9s un referent, t\u00e9 experi\u00e8ncia de gesti\u00f3, \u00e9s el millor candidat per S\u00f3ller, ser\u00e0 un gran batle perqu\u00e8 sap les necessitats que t\u00e9 aquest poble. S\u00f3ller no es mereix quedar enrere com ho ha fet els darrers anys, es mereix un canvi cap al progr\u00e9s\u201d.<\/p>\n<p>La secret\u00e0ria de pol\u00edtica auton\u00f2mica del PSIB-PSOE, Mercedes Garrido, tamb\u00e9 ha estat present en la presentaci\u00f3 de la candidatura socialista per S\u00f3ller i ha declarat que \u201c\u00fanicament tindreu un poble que cuidi de la seva gent si en Jaume \u00e9s batle de S\u00f3ller. T\u00e9 un projecte clar\u00edssim pel seu poble posar a les persones en el centre de les seves pol\u00edtiques, com feim des del partit socialista. Hem demostrat que som un partit fiable, que pot donar resposta a les necessitats que t\u00e9 la gent de S\u00f3ller, Mallorca i les Balears\u201d.[\/vc_column_text][\/vc_column][\/vc_row]\n<\/div>","protected":false},"excerpt":{"rendered":"<p>[vc_row][vc_column][vc_single_image image=&#8221;27559&#8243; img_size=&#8221;full&#8221; alignment=&#8221;center&#8221;][\/vc_column][\/vc_row][vc_row][vc_column][vc_column_text]La secret\u00e0ria general de la Federaci\u00f3 Socialista de Mallorca, Catalina Cladera, ha acompanyat a Jaume Mateu en la presentaci\u00f3 de la candidatura socialista per S\u00f3ller[\/vc_column_text][\/vc_column][\/vc_row][vc_row][vc_column width=&#8221;1\/2&#8243;][vc_column_text]Jaume Mateu ha presentat la candidatura socialista per S\u00f3ller per les eleccions del 28 de maig de 2023. La secret\u00e0ria general de la Federaci\u00f3 Socialista de Mallorca,&hellip;<\/p>\n","protected":false},"author":6,"featured_media":27559,"comment_status":"open","ping_status":"open","sticky":false,"template":"","format":"standard","meta":{"footnotes":""},"categories":[90,92],"tags":[105,186,84,96],"class_list":["post-27558","post","type-post","status-publish","format-standard","has-post-thumbnail","hentry","category-municipis","category-portada","tag-catalina-cladera","tag-jaume-mateu","tag-psib-psoe","tag-soller"],"_links":{"self":[{"href":"https:\/\/www.psib-psoe.org\/mallorca\/wp-json\/wp\/v2\/posts\/27558"}],"collection":[{"href":"https:\/\/www.psib-psoe.org\/mallorca\/wp-json\/wp\/v2\/posts"}],"about":[{"href":"https:\/\/www.psib-psoe.org\/mallorca\/wp-json\/wp\/v2\/types\/post"}],"author":[{"embeddable":true,"href":"https:\/\/www.psib-psoe.org\/mallorca\/wp-json\/wp\/v2\/users\/6"}],"replies":[{"embeddable":true,"href":"https:\/\/www.psib-psoe.org\/mallorca\/wp-json\/wp\/v2\/comments?post=27558"}],"version-history":[{"count":0,"href":"https:\/\/www.psib-psoe.org\/mallorca\/wp-json\/wp\/v2\/posts\/27558\/revisions"}],"wp:featuredmedia":[{"embeddable":true,"href":"https:\/\/www.psib-psoe.org\/mallorca\/wp-json\/wp\/v2\/media\/27559"}],"wp:attachment":[{"href":"https:\/\/www.psib-psoe.org\/mallorca\/wp-json\/wp\/v2\/media?parent=27558"}],"wp:term":[{"taxonomy":"category","embeddable":true,"href":"https:\/\/www.psib-psoe.org\/mallorca\/wp-json\/wp\/v2\/categories?post=27558"},{"taxonomy":"post_tag","embeddable":true,"href":"https:\/\/www.psib-psoe.org\/mallorca\/wp-json\/wp\/v2\/tags?post=27558"}],"curies":[{"name":"wp","href":"https:\/\/api.w.org\/{rel}","templated":true}]}}