{"id":27575,"date":"2023-05-09T11:12:34","date_gmt":"2023-05-09T09:12:34","guid":{"rendered":"http:\/\/www.psib-psoe.org\/mallorca\/?p=27575"},"modified":"2023-05-09T11:12:34","modified_gmt":"2023-05-09T09:12:34","slug":"catalina-cladera-xisco-marti-te-un-projecte-i-unes-idees-clares-per-fornalutx-te-moltes-ganes-de-fer-feina-pel-seu-poble","status":"publish","type":"post","link":"https:\/\/www.psib-psoe.org\/mallorca\/catalina-cladera-xisco-marti-te-un-projecte-i-unes-idees-clares-per-fornalutx-te-moltes-ganes-de-fer-feina-pel-seu-poble\/","title":{"rendered":"Catalina Cladera: \u201cXisco Mart\u00ed t\u00e9 un projecte i unes idees clares per Fornalutx. T\u00e9 moltes ganes de fer feina pel seu poble\u201d"},"content":{"rendered":"<div class=\"wpb-content-wrapper\">[vc_row][vc_column][vc_single_image image=&#8221;27576&#8243; img_size=&#8221;full&#8221; alignment=&#8221;center&#8221;][\/vc_column][\/vc_row][vc_row][vc_column][vc_column_text]<em><u>La secret\u00e0ria general de la Federaci\u00f3 Socialista de Mallorca, Catalina Cladera, ha acompanyat a Xisco Mart\u00ed en la presentaci\u00f3 de la candidatura socialista per Fornalutx<\/u><\/em>[\/vc_column_text][\/vc_column][\/vc_row][vc_row][vc_column width=&#8221;1\/2&#8243;][vc_column_text]Xisco Mart\u00ed ha presentat la candidatura socialista per Fornalutx per les eleccions del 28 de maig de 2023. La secret\u00e0ria general de la Federaci\u00f3 Socialista de Mallorca, Catalina Cladera ha participat en la presentaci\u00f3 de la candidatura socialista per Fornalutx.<\/p>\n<p>El candidat a la batlia de Fornalutx, Xisco Mart\u00ed, ha declara que t\u00e9 \u201cun projecte modern, guanyador, competitiu i sostenible per Fornalutx. Hem format un gran equip preparat per fer feina pel poble, estic molt orgull\u00f3s d\u2019ells\u201d.<\/p>\n<p>Sobre el projecte que t\u00e9 per Fornalutx, Mart\u00ed ha destacat que \u201cvolem una gesti\u00f3 activa dins l\u2019Ajuntament, hem de garantir una bona atenci\u00f3 als ve\u00efnats i ve\u00efnades. A m\u00e9s, volem solucionar el problema de les fuites d\u2019aigua. Tamb\u00e9 volem protegir el nostre poble, amb projectes sostenibles i evitant els grans projectes i les grans construccions\u201d.[\/vc_column_text][\/vc_column][vc_column width=&#8221;1\/2&#8243;][vc_column_text]Per la seva banda, la secret\u00e0ria general de la Federaci\u00f3 Socialista de Mallorca, Catalina Cladera, ha comentat que \u201cen Xisco Mart\u00ed t\u00e9 un projecte i unes idees clares per Fornalutx. \u00c9s una persona jove i amb moltes ganes de fer feina pel seu poble\u201d.<\/p>\n<p>Finalment, Cladera ha concl\u00f2s \u201cdes del Consell de Mallorca hem estat i estarem al costat dels Ajuntaments. Aquesta legislatura hem destinat recursos a Fornalutx perqu\u00e8 es pugui millorar el poble. Farem feina per trobar una soluci\u00f3 a la problem\u00e0tica del tal\u00fas\u201d.[\/vc_column_text][\/vc_column][\/vc_row]\n<\/div>","protected":false},"excerpt":{"rendered":"<p>[vc_row][vc_column][vc_single_image image=&#8221;27576&#8243; img_size=&#8221;full&#8221; alignment=&#8221;center&#8221;][\/vc_column][\/vc_row][vc_row][vc_column][vc_column_text]La secret\u00e0ria general de la Federaci\u00f3 Socialista de Mallorca, Catalina Cladera, ha acompanyat a Xisco Mart\u00ed en la presentaci\u00f3 de la candidatura socialista per Fornalutx[\/vc_column_text][\/vc_column][\/vc_row][vc_row][vc_column width=&#8221;1\/2&#8243;][vc_column_text]Xisco Mart\u00ed ha presentat la candidatura socialista per Fornalutx per les eleccions del 28 de maig de 2023. La secret\u00e0ria general de la Federaci\u00f3 Socialista de Mallorca,&hellip;<\/p>\n","protected":false},"author":6,"featured_media":27576,"comment_status":"open","ping_status":"open","sticky":false,"template":"","format":"standard","meta":{"footnotes":""},"categories":[90,92],"tags":[105,191,84,473],"class_list":["post-27575","post","type-post","status-publish","format-standard","has-post-thumbnail","hentry","category-municipis","category-portada","tag-catalina-cladera","tag-fornalutx","tag-psib-psoe","tag-xisco-marti"],"_links":{"self":[{"href":"https:\/\/www.psib-psoe.org\/mallorca\/wp-json\/wp\/v2\/posts\/27575"}],"collection":[{"href":"https:\/\/www.psib-psoe.org\/mallorca\/wp-json\/wp\/v2\/posts"}],"about":[{"href":"https:\/\/www.psib-psoe.org\/mallorca\/wp-json\/wp\/v2\/types\/post"}],"author":[{"embeddable":true,"href":"https:\/\/www.psib-psoe.org\/mallorca\/wp-json\/wp\/v2\/users\/6"}],"replies":[{"embeddable":true,"href":"https:\/\/www.psib-psoe.org\/mallorca\/wp-json\/wp\/v2\/comments?post=27575"}],"version-history":[{"count":0,"href":"https:\/\/www.psib-psoe.org\/mallorca\/wp-json\/wp\/v2\/posts\/27575\/revisions"}],"wp:featuredmedia":[{"embeddable":true,"href":"https:\/\/www.psib-psoe.org\/mallorca\/wp-json\/wp\/v2\/media\/27576"}],"wp:attachment":[{"href":"https:\/\/www.psib-psoe.org\/mallorca\/wp-json\/wp\/v2\/media?parent=27575"}],"wp:term":[{"taxonomy":"category","embeddable":true,"href":"https:\/\/www.psib-psoe.org\/mallorca\/wp-json\/wp\/v2\/categories?post=27575"},{"taxonomy":"post_tag","embeddable":true,"href":"https:\/\/www.psib-psoe.org\/mallorca\/wp-json\/wp\/v2\/tags?post=27575"}],"curies":[{"name":"wp","href":"https:\/\/api.w.org\/{rel}","templated":true}]}}