{"id":27578,"date":"2023-05-09T13:49:35","date_gmt":"2023-05-09T11:49:35","guid":{"rendered":"http:\/\/www.psib-psoe.org\/mallorca\/?p=27578"},"modified":"2023-05-09T18:58:16","modified_gmt":"2023-05-09T16:58:16","slug":"els-socialistes-de-mallorca-presenten-el-seu-programa-electoral-amb-151-mesures-de-govern","status":"publish","type":"post","link":"https:\/\/www.psib-psoe.org\/mallorca\/els-socialistes-de-mallorca-presenten-el-seu-programa-electoral-amb-151-mesures-de-govern\/","title":{"rendered":"Els Socialistes de Mallorca presenten el seu programa electoral amb &#8220;151 mesures de govern&#8221; entre les quals destaquen \u201cla construcci\u00f3 de 360 habitatges a Can Domenge, l\u2019arribada del SAID a Palma i la declaraci\u00f3 de la Serra de Tramuntana com a zona de baixes emissions\u201d"},"content":{"rendered":"<div class=\"wpb-content-wrapper\">[vc_row][vc_column width=&#8221;1\/2&#8243;][vc_single_image image=&#8221;27579&#8243; img_size=&#8221;full&#8221; alignment=&#8221;center&#8221;][\/vc_column][vc_column width=&#8221;1\/2&#8243;][vc_single_image image=&#8221;27580&#8243; img_size=&#8221;full&#8221; alignment=&#8221;center&#8221;][\/vc_column][\/vc_row][vc_row][vc_column][vc_column_text]<em><u><span lang=\"CA\">La Secret\u00e0ria general de la Federaci\u00f3 Socialista de Mallorca, presidenta del Consell de Mallorca i candidata a la reelecci\u00f3, Catalina Cladera ha presentat el programa electoral socialista per al Consell de Mallorca \u201cper tornar a presidir i governar la instituci\u00f3\u201d<\/span><\/u><\/em><i><u><\/u><\/i>[\/vc_column_text][\/vc_column][\/vc_row][vc_row][vc_column width=&#8221;1\/2&#8243;][vc_column_text]\n<p style=\"font-weight: 400;\">La Secret\u00e0ria General de la Federaci\u00f3 Socialista de Mallorca, presidenta del Consell de Mallorca i candidata a la reelecci\u00f3, Catalina Cladera ha presentat el programa electoral del Socialistes de Mallorca amb \u201c151 mesures de govern\u201d entre les quals destaquen \u201cla construcci\u00f3 de 360 habitatges a Can Domenge, l\u2019arribada del SAID a Palma i la declaraci\u00f3 de la Serra de Tramuntana com a zona de baixes emissions\u201d.<\/p>\n<p style=\"font-weight: 400;\">Cladera ha presentat un programa \u201cper tornar a presidir i governar\u201d la instituci\u00f3 la pr\u00f2xima legislatura a un acte celebrat a Marratx\u00ed on ha destacat que \u201cs\u00f3n un conjunt de mesures que projecten la ciutadania de Mallorca cap a un futur amb plena capacitat per continuar desenvolupament els projectes de vida de cada un dels ciutadans i ciutadanes de Mallorca\u201d.<\/p>\n<p style=\"font-weight: 400;\">\u201cPresentam un projecte per somiar la Mallorca de present per\u00f2 tamb\u00e9 la de futur perqu\u00e8 els i les socialistes duim 8 anys garantint la vida dels mallorquins i mallorquines amb el convenciment que som el partit que millor representam la societat mallorquina\u201d, ha afegit Catalina Cladera.<\/p>\n[\/vc_column_text][\/vc_column][vc_column width=&#8221;1\/2&#8243;][vc_column_text]\n<p style=\"font-weight: 400;\">La Secret\u00e0ria General de la Federaci\u00f3 Socialista de Mallorca, presidenta del Consell de Mallorca i candidata a la reelecci\u00f3, Catalina Cladera, ha recordat que \u201ca la Convenci\u00f3 Mallorca 2030 v\u00e0rem plantejar un equilibri entre territori i persones perqu\u00e8 aix\u00f2 \u00e9s un segell dels i les socialistes i ara al programa electoral que proposam la instituci\u00f3 i els ajuntaments afegiran aquesta mirada transversal per arribar a tots els racons de Mallorca\u201d.<\/p>\n<p style=\"font-weight: 400;\">Catalina Cladera ha destacat que \u201cel fil conductor del programa \u00e9s assegurar un full de ruta per assegurar els ciutadans i ciutadanes de Mallorca per garantir-los qualitat de vida\u201d perqu\u00e8 \u201cels socialistes hem de mostrat que podem oferir una bona sanitat, conciliaci\u00f3 real i condicions de dignitat i progr\u00e9s\u201d.<\/p>\n<p style=\"font-weight: 400;\">La Secret\u00e0ria general, presidenta del Consell de Mallorca i candidata a la reelecci\u00f3, ha fet \u00e8mfasi en la necessitat d\u2019assolir \u201cles compet\u00e8ncies de mobilitat per continuar millorant el transport terrestre a l\u2019illa\u201d i \u201ccontinuar amb la protecci\u00f3 de les persones mitjan\u00e7ant pol\u00edtiques d\u2019habitatge, de mobilitat, cures, protecci\u00f3 dels drets de les dones, el col\u00b7lectiu LGTBI i l\u2019esport base, entre altres\u201d.<\/p>\n<p style=\"font-weight: 400;\">Finament, Cladera ha dit que \u201csom la millor opci\u00f3 per governar perqu\u00e8 som els \u00fanics que podem garantir un futur transformador per a tothom que garantir\u00e0 la igualtat d\u2019oportunitats per tothom de la m\u00e0 d\u2019un grup de persones excel\u00b7lents i preparades al front de la candidatura\u201d.<\/p>\n<p>&nbsp;<\/p>\n<p><strong>CONSULTA EL PROGRAMA ELECTORAL AQU\u00cd: https:\/\/www.psib-psoe.org\/mallorca\/wp-content\/uploads\/Programa_SocialistesMallorca_digital-1.pdf<\/strong>[\/vc_column_text][\/vc_column][\/vc_row]\n<\/div>","protected":false},"excerpt":{"rendered":"<p>[vc_row][vc_column width=&#8221;1\/2&#8243;][vc_single_image image=&#8221;27579&#8243; img_size=&#8221;full&#8221; alignment=&#8221;center&#8221;][\/vc_column][vc_column width=&#8221;1\/2&#8243;][vc_single_image image=&#8221;27580&#8243; img_size=&#8221;full&#8221; alignment=&#8221;center&#8221;][\/vc_column][\/vc_row][vc_row][vc_column][vc_column_text]La Secret\u00e0ria general de la Federaci\u00f3 Socialista de Mallorca, presidenta del Consell de Mallorca i candidata a la reelecci\u00f3, Catalina Cladera ha presentat el programa electoral socialista per al Consell de Mallorca \u201cper tornar a presidir i governar la instituci\u00f3\u201d[\/vc_column_text][\/vc_column][\/vc_row][vc_row][vc_column width=&#8221;1\/2&#8243;][vc_column_text] La Secret\u00e0ria General de la Federaci\u00f3&hellip;<\/p>\n","protected":false},"author":3,"featured_media":27579,"comment_status":"open","ping_status":"open","sticky":false,"template":"","format":"standard","meta":{"footnotes":""},"categories":[90,92],"tags":[],"class_list":["post-27578","post","type-post","status-publish","format-standard","has-post-thumbnail","hentry","category-municipis","category-portada"],"_links":{"self":[{"href":"https:\/\/www.psib-psoe.org\/mallorca\/wp-json\/wp\/v2\/posts\/27578"}],"collection":[{"href":"https:\/\/www.psib-psoe.org\/mallorca\/wp-json\/wp\/v2\/posts"}],"about":[{"href":"https:\/\/www.psib-psoe.org\/mallorca\/wp-json\/wp\/v2\/types\/post"}],"author":[{"embeddable":true,"href":"https:\/\/www.psib-psoe.org\/mallorca\/wp-json\/wp\/v2\/users\/3"}],"replies":[{"embeddable":true,"href":"https:\/\/www.psib-psoe.org\/mallorca\/wp-json\/wp\/v2\/comments?post=27578"}],"version-history":[{"count":0,"href":"https:\/\/www.psib-psoe.org\/mallorca\/wp-json\/wp\/v2\/posts\/27578\/revisions"}],"wp:featuredmedia":[{"embeddable":true,"href":"https:\/\/www.psib-psoe.org\/mallorca\/wp-json\/wp\/v2\/media\/27579"}],"wp:attachment":[{"href":"https:\/\/www.psib-psoe.org\/mallorca\/wp-json\/wp\/v2\/media?parent=27578"}],"wp:term":[{"taxonomy":"category","embeddable":true,"href":"https:\/\/www.psib-psoe.org\/mallorca\/wp-json\/wp\/v2\/categories?post=27578"},{"taxonomy":"post_tag","embeddable":true,"href":"https:\/\/www.psib-psoe.org\/mallorca\/wp-json\/wp\/v2\/tags?post=27578"}],"curies":[{"name":"wp","href":"https:\/\/api.w.org\/{rel}","templated":true}]}}