{"id":27595,"date":"2023-05-11T17:19:00","date_gmt":"2023-05-11T15:19:00","guid":{"rendered":"http:\/\/www.psib-psoe.org\/mallorca\/?p=27595"},"modified":"2023-05-11T17:19:00","modified_gmt":"2023-05-11T15:19:00","slug":"andreu-alcover-laprovacio-definitiva-de-la-modificacio-del-pla-territorial-suposa-una-passa-molt-important-per-el-futur-de-lurbanisme-a-mallorca","status":"publish","type":"post","link":"https:\/\/www.psib-psoe.org\/mallorca\/andreu-alcover-laprovacio-definitiva-de-la-modificacio-del-pla-territorial-suposa-una-passa-molt-important-per-el-futur-de-lurbanisme-a-mallorca\/","title":{"rendered":"Andreu Alcover: \u201cL\u2019aprovaci\u00f3 definitiva de la modificaci\u00f3 del Pla Territorial suposa una passa molt important per el futur de l\u2019urbanisme a Mallorca\u201d"},"content":{"rendered":"<div class=\"wpb-content-wrapper\">[vc_row][vc_column][vc_single_image image=&#8221;27596&#8243; img_size=&#8221;full&#8221; alignment=&#8221;center&#8221;][\/vc_column][\/vc_row][vc_row][vc_column][vc_raw_html]JTNDaWZyYW1lJTIwc3JjJTNEJTIyaHR0cHMlM0ElMkYlMkZ3d3cuaXZvb3guY29tJTJGcGxheWVyX2VqXzEwODAzNDY0Ml82XzEuaHRtbCUzRmMxJTNEZTQwNDIyJTIyJTIwd2lkdGglM0QlMjIxMDAlMjUlMjIlMjBoZWlnaHQlM0QlMjIyMDAlMjIlMjBmcmFtZWJvcmRlciUzRCUyMjAlMjIlMjBhbGxvd2Z1bGxzY3JlZW4lM0QlMjIlMjIlMjBzY3JvbGxpbmclM0QlMjJubyUyMiUyMGxvYWRpbmclM0QlMjJsYXp5JTIyJTNFJTNDJTJGaWZyYW1lJTNF[\/vc_raw_html][\/vc_column][\/vc_row][vc_row][vc_column][vc_column_text]<em><u>Els socialistes de Mallorca valoren molt positivament l\u2019aprovaci\u00f3 definitiva de la modificaci\u00f3 del Pla Territorial<\/u><\/em>[\/vc_column_text][\/vc_column][\/vc_row][vc_row][vc_column width=&#8221;1\/2&#8243;][vc_column_text]El portaveu del Grup Socialista al Consell de Mallorca, Andreu Alcover ha valorat molt positivament l\u2019aprovaci\u00f3 definitiva de la modificaci\u00f3 del Pla Territorial (PTI) a la sessi\u00f3 plen\u00e0ria d\u2019aquest dijous. Alcover ha declarat que \u201caquesta aprovaci\u00f3 suposa una passa molt important pel futur de l\u2019urbanisme a Mallorca\u201d.<\/p>\n<p>Alcover ha comentat que \u201caquesta modificaci\u00f3 democratitza el Pla Territorial de Mallorca perqu\u00e8 el fa m\u00e9s comprensible per tothom i, a m\u00e9s, minimitza el risc de corrupci\u00f3 en termes d&#8217;urbanisme, com hist\u00f2ricament hem viscut aquesta terra\u201d.[\/vc_column_text][\/vc_column][vc_column width=&#8221;1\/2&#8243;][vc_column_text]Per altra banda, Alcover ha destacat que \u201caquest Pla Territorial aposta per la lluita contra el clim\u00e0tic impulsant la implantaci\u00f3 d\u2019energies renovables\u201d. A m\u00e9s, el Pla Territorial elimina 17.000 places tur\u00edstiques.<\/p>\n<p>El nou Pla Territorial aprovat al Consell de Mallorca amplia les zones de protecci\u00f3 de certs s\u00f2ls i revisa el creixement del s\u00f2l urb\u00e0. Alcover ha concl\u00f2s que \u201caquest Pla servir\u00e0 per protegir el territori de Mallorca, \u00e9s una not\u00edcia molt positiva la seva aprovaci\u00f3\u201d.[\/vc_column_text][\/vc_column][\/vc_row]\n<\/div>","protected":false},"excerpt":{"rendered":"<p>[vc_row][vc_column][vc_single_image image=&#8221;27596&#8243; img_size=&#8221;full&#8221; alignment=&#8221;center&#8221;][\/vc_column][\/vc_row][vc_row][vc_column][vc_raw_html]JTNDaWZyYW1lJTIwc3JjJTNEJTIyaHR0cHMlM0ElMkYlMkZ3d3cuaXZvb3guY29tJTJGcGxheWVyX2VqXzEwODAzNDY0Ml82XzEuaHRtbCUzRmMxJTNEZTQwNDIyJTIyJTIwd2lkdGglM0QlMjIxMDAlMjUlMjIlMjBoZWlnaHQlM0QlMjIyMDAlMjIlMjBmcmFtZWJvcmRlciUzRCUyMjAlMjIlMjBhbGxvd2Z1bGxzY3JlZW4lM0QlMjIlMjIlMjBzY3JvbGxpbmclM0QlMjJubyUyMiUyMGxvYWRpbmclM0QlMjJsYXp5JTIyJTNFJTNDJTJGaWZyYW1lJTNF[\/vc_raw_html][\/vc_column][\/vc_row][vc_row][vc_column][vc_column_text]Els socialistes de Mallorca valoren molt positivament l\u2019aprovaci\u00f3 definitiva de la modificaci\u00f3 del Pla Territorial[\/vc_column_text][\/vc_column][\/vc_row][vc_row][vc_column width=&#8221;1\/2&#8243;][vc_column_text]El portaveu del Grup Socialista al Consell de Mallorca, Andreu Alcover ha valorat molt positivament l\u2019aprovaci\u00f3 definitiva de la modificaci\u00f3 del Pla Territorial (PTI) a la sessi\u00f3 plen\u00e0ria d\u2019aquest dijous. Alcover ha declarat que \u201caquesta aprovaci\u00f3 suposa&hellip;<\/p>\n","protected":false},"author":6,"featured_media":27596,"comment_status":"open","ping_status":"open","sticky":false,"template":"","format":"standard","meta":{"footnotes":""},"categories":[89,92],"tags":[86,84,474],"class_list":["post-27595","post","type-post","status-publish","format-standard","has-post-thumbnail","hentry","category-consell-de-mallorca","category-portada","tag-andreu-alcover","tag-psib-psoe","tag-pti"],"_links":{"self":[{"href":"https:\/\/www.psib-psoe.org\/mallorca\/wp-json\/wp\/v2\/posts\/27595"}],"collection":[{"href":"https:\/\/www.psib-psoe.org\/mallorca\/wp-json\/wp\/v2\/posts"}],"about":[{"href":"https:\/\/www.psib-psoe.org\/mallorca\/wp-json\/wp\/v2\/types\/post"}],"author":[{"embeddable":true,"href":"https:\/\/www.psib-psoe.org\/mallorca\/wp-json\/wp\/v2\/users\/6"}],"replies":[{"embeddable":true,"href":"https:\/\/www.psib-psoe.org\/mallorca\/wp-json\/wp\/v2\/comments?post=27595"}],"version-history":[{"count":0,"href":"https:\/\/www.psib-psoe.org\/mallorca\/wp-json\/wp\/v2\/posts\/27595\/revisions"}],"wp:featuredmedia":[{"embeddable":true,"href":"https:\/\/www.psib-psoe.org\/mallorca\/wp-json\/wp\/v2\/media\/27596"}],"wp:attachment":[{"href":"https:\/\/www.psib-psoe.org\/mallorca\/wp-json\/wp\/v2\/media?parent=27595"}],"wp:term":[{"taxonomy":"category","embeddable":true,"href":"https:\/\/www.psib-psoe.org\/mallorca\/wp-json\/wp\/v2\/categories?post=27595"},{"taxonomy":"post_tag","embeddable":true,"href":"https:\/\/www.psib-psoe.org\/mallorca\/wp-json\/wp\/v2\/tags?post=27595"}],"curies":[{"name":"wp","href":"https:\/\/api.w.org\/{rel}","templated":true}]}}