{"id":27601,"date":"2023-05-14T12:10:42","date_gmt":"2023-05-14T10:10:42","guid":{"rendered":"http:\/\/www.psib-psoe.org\/mallorca\/?p=27601"},"modified":"2023-05-14T12:10:42","modified_gmt":"2023-05-14T10:10:42","slug":"els-socialistes-son-servera-presenten-la-seva-candidatura-encapcalada-per-natalia-troya-amb-lobjectiu-de-revalidar-un-govern-socialista-a-lajuntament","status":"publish","type":"post","link":"https:\/\/www.psib-psoe.org\/mallorca\/els-socialistes-son-servera-presenten-la-seva-candidatura-encapcalada-per-natalia-troya-amb-lobjectiu-de-revalidar-un-govern-socialista-a-lajuntament\/","title":{"rendered":"Els socialistes Son Servera presenten la seva candidatura encap\u00e7alada per Nat\u00e0lia Troya amb l\u2019objectiu de revalidar un govern socialista a l\u2019Ajuntament"},"content":{"rendered":"<div class=\"wpb-content-wrapper\">[vc_row][vc_column][vc_single_image image=&#8221;27602&#8243; img_size=&#8221;full&#8221; alignment=&#8221;center&#8221;][\/vc_column][\/vc_row][vc_row][vc_column][vc_column_text]<em><u>La secret\u00e0ria general de la Federaci\u00f3 Socialista de Mallorca, Catalina Cladera, ha acompanyat a Nat\u00e0lia Troya en la presentaci\u00f3 de la candidatura socialista per Son Servera<\/u><\/em>[\/vc_column_text][\/vc_column][\/vc_row][vc_row][vc_column width=&#8221;1\/2&#8243;][vc_column_text]Nat\u00e0lia Troya ha presentat la candidatura socialista per Son Servera per les eleccions del 28 de maig de 2023. La secret\u00e0ria general de la Federaci\u00f3 Socialista de Mallorca, Catalina Cladera ha participat en la presentaci\u00f3 de la candidatura socialista per Son Servera.<\/p>\n<p>Troya ha comen\u00e7at el seu discurs comentant que \u201cm\u2019acompanya un gran equip de dones i homes, gent preparada i valenta que faran que el Partit Socialista torni a guanyar les eleccions a Son Servera. Gr\u00e0cies per unir-vos a aquest projecte il\u00b7lusionant sota les sigles del Partit Socialista\u201d.<\/p>\n<p>La candidata a revalidar la batlia de Son Servera, tamb\u00e9 ha aprofitat per explicar les principals l\u00ednies del seu programa electoral \u201cpresentam un programa real, consensuat amb associacions, entitats, clubs esportius, etc\u00e8tera. \u00c9s un programa realitzat amb l\u2019experi\u00e8ncia que ens ha donat haver governat durant 16 anys, sabem perfectament quines s\u00f3n les necessitats del municipi\u201d.[\/vc_column_text][\/vc_column][vc_column width=&#8221;1\/2&#8243;][vc_column_text]En el seu discurs, Troya ha destacat tots els avan\u00e7os que ha fet el municipi de Son Servera i ha assenyalat que \u201cel municipi es mereix continuar avan\u00e7ant, estam preparats per tornar a governar, som l\u2019\u00fanica opci\u00f3 de futur. \u00a0Ens queden moltes coses per fer que farem possible gr\u00e0cies a Francina Armengol i Catalina Cladera com a presidentes del Govern i el Consell\u201d.<\/p>\n<p>Sobre els projectes de futur, la candidata socialista ha remarcat que \u201ccontinuarem treballant amb la renovaci\u00f3 i modernitzaci\u00f3 de la zona de Cala Millor. Tamb\u00e9 tindrem cura dels joves, creant un centre d\u2019informaci\u00f3 juvenil a Cala Millor. El nostre projecte apostar\u00e0 per la sostenibilitat econ\u00f2mica, social i mediambiental\u201d.<\/p>\n<p>Per la seva banda, la secret\u00e0ria general de la Federaci\u00f3 Socialista de Mallorca, Catalina Cladera, ha comentat que \u201cels Socialistes de Son Servera han presentat un gran equip preparat i valent. Des de la Federaci\u00f3 Socialista de Mallorca, vos vull donar les gr\u00e0cies per sumar-vos al projecte socialista. El 28 de maig, Son Servera continuar\u00e0 sent governada pels socialistes gr\u00e0cies a aquest gran equip\u201d.[\/vc_column_text][\/vc_column][\/vc_row]\n<\/div>","protected":false},"excerpt":{"rendered":"<p>[vc_row][vc_column][vc_single_image image=&#8221;27602&#8243; img_size=&#8221;full&#8221; alignment=&#8221;center&#8221;][\/vc_column][\/vc_row][vc_row][vc_column][vc_column_text]La secret\u00e0ria general de la Federaci\u00f3 Socialista de Mallorca, Catalina Cladera, ha acompanyat a Nat\u00e0lia Troya en la presentaci\u00f3 de la candidatura socialista per Son Servera[\/vc_column_text][\/vc_column][\/vc_row][vc_row][vc_column width=&#8221;1\/2&#8243;][vc_column_text]Nat\u00e0lia Troya ha presentat la candidatura socialista per Son Servera per les eleccions del 28 de maig de 2023. La secret\u00e0ria general de la Federaci\u00f3 Socialista&hellip;<\/p>\n","protected":false},"author":6,"featured_media":27602,"comment_status":"open","ping_status":"open","sticky":false,"template":"","format":"standard","meta":{"footnotes":""},"categories":[90,92],"tags":[476,105,402,84,475],"class_list":["post-27601","post","type-post","status-publish","format-standard","has-post-thumbnail","hentry","category-municipis","category-portada","tag-cala-millor","tag-catalina-cladera","tag-natalia-troya","tag-psib-psoe","tag-son-severa"],"_links":{"self":[{"href":"https:\/\/www.psib-psoe.org\/mallorca\/wp-json\/wp\/v2\/posts\/27601"}],"collection":[{"href":"https:\/\/www.psib-psoe.org\/mallorca\/wp-json\/wp\/v2\/posts"}],"about":[{"href":"https:\/\/www.psib-psoe.org\/mallorca\/wp-json\/wp\/v2\/types\/post"}],"author":[{"embeddable":true,"href":"https:\/\/www.psib-psoe.org\/mallorca\/wp-json\/wp\/v2\/users\/6"}],"replies":[{"embeddable":true,"href":"https:\/\/www.psib-psoe.org\/mallorca\/wp-json\/wp\/v2\/comments?post=27601"}],"version-history":[{"count":0,"href":"https:\/\/www.psib-psoe.org\/mallorca\/wp-json\/wp\/v2\/posts\/27601\/revisions"}],"wp:featuredmedia":[{"embeddable":true,"href":"https:\/\/www.psib-psoe.org\/mallorca\/wp-json\/wp\/v2\/media\/27602"}],"wp:attachment":[{"href":"https:\/\/www.psib-psoe.org\/mallorca\/wp-json\/wp\/v2\/media?parent=27601"}],"wp:term":[{"taxonomy":"category","embeddable":true,"href":"https:\/\/www.psib-psoe.org\/mallorca\/wp-json\/wp\/v2\/categories?post=27601"},{"taxonomy":"post_tag","embeddable":true,"href":"https:\/\/www.psib-psoe.org\/mallorca\/wp-json\/wp\/v2\/tags?post=27601"}],"curies":[{"name":"wp","href":"https:\/\/api.w.org\/{rel}","templated":true}]}}