{"id":27611,"date":"2023-05-17T13:52:41","date_gmt":"2023-05-17T11:52:41","guid":{"rendered":"http:\/\/www.psib-psoe.org\/mallorca\/?p=27611"},"modified":"2023-05-17T13:52:41","modified_gmt":"2023-05-17T11:52:41","slug":"catalina-cladera-anuncia-la-creacio-dun-cinturo-verd-per-unir-palma-amb-marratxi-eliminant-la-barrera-del-torrent-gros","status":"publish","type":"post","link":"https:\/\/www.psib-psoe.org\/mallorca\/catalina-cladera-anuncia-la-creacio-dun-cinturo-verd-per-unir-palma-amb-marratxi-eliminant-la-barrera-del-torrent-gros\/","title":{"rendered":"Catalina Cladera anuncia la creaci\u00f3 d\u2019un cintur\u00f3 verd per unir Palma amb Marratx\u00ed eliminant la \u201cbarrera\u201d del Torrent Gros"},"content":{"rendered":"<div class=\"wpb-content-wrapper\">[vc_row][vc_column][vc_single_image image=&#8221;27612&#8243; img_size=&#8221;full&#8221; alignment=&#8221;center&#8221;][\/vc_column][\/vc_row][vc_row][vc_column][vc_column_text]<em><u>La presidenta del Consell de Mallorca i candidata socialista a la reelecci\u00f3 ha visitat l\u2019espai juntament amb els batles de Palma i Marratx\u00ed on la pr\u00f2xima legislatura es crear\u00e0 un passeig c\u00edvic que uneixi els dos nuclis<\/u><\/em>[\/vc_column_text][\/vc_column][\/vc_row][vc_row][vc_column width=&#8221;1\/2&#8243;][vc_column_text]La Secret\u00e0ria General de la Federaci\u00f3 Socialista de Mallorca, presidenta del Consell de Mallorca i candidata a la reelecci\u00f3, Catalina Cladera, ha anunciat aquest dimecres la creaci\u00f3 d\u2019un cintur\u00f3 verd per a unir les barriades de Palma i Marratx\u00ed que estan actualment separades pel Torrent Gros.<\/p>\n<p>D\u2019aquesta manera, segons ha explicat la socialista \u201camb aquesta actuaci\u00f3, unirem els dos municipis i complirem amb el nostre comprom\u00eds de treballar amb l\u2019\u00c0rea Metropolitana, conformada per Llucmajor, Marratx\u00ed, Palma i Calvi\u00e0\u201d.<\/p>\n<p>Cladera tamb\u00e9 ha aprofitat per anunciar el soterrament de la Via Cintura des de la barriada de Son Gotleu fins a Es Rafal amb l\u2019objectiu de \u201cajuntar dues barriades importants de la ciutat i integrar-ho cap a Marratx\u00ed. No volem que hi hagi barreres, volem cosir i unir el paisatge\u201d.[\/vc_column_text][\/vc_column][vc_column width=&#8221;1\/2&#8243;][vc_column_text]Per la seva banda, el batle de Palma i candidat a la reelecci\u00f3, Jos\u00e9 Hila, ha explicat que \u201csom l\u2019\u00fanic partit que presenta projectes centrats en l\u2019\u00c0rea Metropolitana, que t\u00e9 clar que ha de treballar amb els Ajuntaments i el Consell de Mallorca. Hem d\u2019eliminar barreres i unir espais\u201d.<\/p>\n<p>L\u2019actual batle de Marratx\u00ed i candidat a la reelecci\u00f3, Miquel Cabot, ha declarat que \u201cgr\u00e0cies a governs socialistes a Palma, Marratx\u00ed i el Consell de Mallorca, els dos territoris s\u2019han unit i han fet feina conjuntament. En alguns aspectes \u00e9s molt important tenir una visi\u00f3 global, per aix\u00f2 treballam en l\u2019\u00c0rea Metropolitana\u201d.[\/vc_column_text][\/vc_column][\/vc_row]\n<\/div>","protected":false},"excerpt":{"rendered":"<p>[vc_row][vc_column][vc_single_image image=&#8221;27612&#8243; img_size=&#8221;full&#8221; alignment=&#8221;center&#8221;][\/vc_column][\/vc_row][vc_row][vc_column][vc_column_text]La presidenta del Consell de Mallorca i candidata socialista a la reelecci\u00f3 ha visitat l\u2019espai juntament amb els batles de Palma i Marratx\u00ed on la pr\u00f2xima legislatura es crear\u00e0 un passeig c\u00edvic que uneixi els dos nuclis[\/vc_column_text][\/vc_column][\/vc_row][vc_row][vc_column width=&#8221;1\/2&#8243;][vc_column_text]La Secret\u00e0ria General de la Federaci\u00f3 Socialista de Mallorca, presidenta del Consell de Mallorca i&hellip;<\/p>\n","protected":false},"author":6,"featured_media":27612,"comment_status":"open","ping_status":"open","sticky":false,"template":"","format":"standard","meta":{"footnotes":""},"categories":[89,90,92],"tags":[105,268,101,100,264,84],"class_list":["post-27611","post","type-post","status-publish","format-standard","has-post-thumbnail","hentry","category-consell-de-mallorca","category-municipis","category-portada","tag-catalina-cladera","tag-jose-hila","tag-marratxi","tag-miquel-cabot","tag-palma","tag-psib-psoe"],"_links":{"self":[{"href":"https:\/\/www.psib-psoe.org\/mallorca\/wp-json\/wp\/v2\/posts\/27611"}],"collection":[{"href":"https:\/\/www.psib-psoe.org\/mallorca\/wp-json\/wp\/v2\/posts"}],"about":[{"href":"https:\/\/www.psib-psoe.org\/mallorca\/wp-json\/wp\/v2\/types\/post"}],"author":[{"embeddable":true,"href":"https:\/\/www.psib-psoe.org\/mallorca\/wp-json\/wp\/v2\/users\/6"}],"replies":[{"embeddable":true,"href":"https:\/\/www.psib-psoe.org\/mallorca\/wp-json\/wp\/v2\/comments?post=27611"}],"version-history":[{"count":0,"href":"https:\/\/www.psib-psoe.org\/mallorca\/wp-json\/wp\/v2\/posts\/27611\/revisions"}],"wp:featuredmedia":[{"embeddable":true,"href":"https:\/\/www.psib-psoe.org\/mallorca\/wp-json\/wp\/v2\/media\/27612"}],"wp:attachment":[{"href":"https:\/\/www.psib-psoe.org\/mallorca\/wp-json\/wp\/v2\/media?parent=27611"}],"wp:term":[{"taxonomy":"category","embeddable":true,"href":"https:\/\/www.psib-psoe.org\/mallorca\/wp-json\/wp\/v2\/categories?post=27611"},{"taxonomy":"post_tag","embeddable":true,"href":"https:\/\/www.psib-psoe.org\/mallorca\/wp-json\/wp\/v2\/tags?post=27611"}],"curies":[{"name":"wp","href":"https:\/\/api.w.org\/{rel}","templated":true}]}}