{"id":27615,"date":"2023-05-18T22:42:15","date_gmt":"2023-05-18T20:42:15","guid":{"rendered":"http:\/\/www.psib-psoe.org\/mallorca\/?p=27615"},"modified":"2023-05-18T22:42:15","modified_gmt":"2023-05-18T20:42:15","slug":"catalina-cladera-esporles-necessita-un-canvi-i-en-toni-bordoy-es-una-persona-que-treballara-de-forma-valenta","status":"publish","type":"post","link":"https:\/\/www.psib-psoe.org\/mallorca\/catalina-cladera-esporles-necessita-un-canvi-i-en-toni-bordoy-es-una-persona-que-treballara-de-forma-valenta\/","title":{"rendered":"Catalina Cladera: \u201cEsporles necessita un canvi i en Toni Bordoy \u00e9s una persona que treballar\u00e0 de forma valenta per transformar el municipi a millor\u201d"},"content":{"rendered":"<div class=\"wpb-content-wrapper\">[vc_row][vc_column][vc_single_image image=&#8221;27616&#8243; img_size=&#8221;full&#8221; alignment=&#8221;center&#8221;][\/vc_column][\/vc_row][vc_row][vc_column][vc_column_text]\n<p style=\"font-weight: 400;\"><em><u>La Secret\u00e0ria general de la Federaci\u00f3 Socialista de Mallorca, presidenta del Consell de Mallorca i candidata a la reelecci\u00f3, Catalina Cladera juntament amb Patricia G\u00f3mez, Presidenta de la Federaci\u00f3 Socialista de Mallorca ha acompanyat a Toni Bordoy,, candidat socialista a la batlia d\u2019Esporles <\/u><\/em><\/p>\n[\/vc_column_text][\/vc_column][\/vc_row][vc_row][vc_column width=&#8221;1\/2&#8243;][vc_column_text]\n<p style=\"font-weight: 400;\">La Secret\u00e0ria general de la Federaci\u00f3 Socialista de Mallorca, presidenta del Consell de Mallorca i candidata a la reelecci\u00f3, Catalina Cladera ha afirmat que \u201cEsporles necessita un canvi i en Toni Bordoy \u00e9s una persona que treballar\u00e0 de forma valenta per transformar el municipi a millor\u201d.<\/p>\n<p style=\"font-weight: 400;\">Cladera ha ressaltat que \u201ca Esporles no hi ha dreta per\u00f2 l\u2019esquerra que governa aqu\u00ed fa molts d\u2019anys que ho fa i ho fa amb in\u00e8rcia i no es preocupa gaire de les coses. Fa les coses amb comoditat i ara \u00e9s el moment que els socialistes governem el municipi i el transformem\u201d.<\/p>\n<p style=\"font-weight: 400;\">La socialista, en relaci\u00f3 a la feina feta al Consell de Mallorca i el projecte de futur a la instituci\u00f3 ha dit que \u201cvolem continuar amb la transformaci\u00f3, i l\u2019ampliaci\u00f3 de drets, la millora de la vida de la gent en qualsevol etapa de la seva vida, i l\u2019aposta clara per una illa m\u00e9s verda i sostenible\u201d.<\/p>\n[\/vc_column_text][\/vc_column][vc_column width=&#8221;1\/2&#8243;][vc_column_text]\n<p style=\"font-weight: 400;\">Per la seva banda, Patricia G\u00f3mez, consellera de Salut, presidenta de la Federaci\u00f3 Socialista de Mallorca i n\u00famero 3 a la llista del Parlament de les Illes Balears ha afirmat que \u201cel projecte socialista implica millorar la vida de la gent, i quan un ciutad\u00e0 t\u00e9 un problema, sempre trobar\u00e0 a un socialista al seu costat com venim demostrant aquests darrers 8 anys\u201d.<\/p>\n<p style=\"font-weight: 400;\">G\u00f3mez tamb\u00e9 ha aprofitat el seu discurs per recordar que el PP \u201cha votat en contra de tot aquests anys de governs socialistes i ha demostrat que est\u00e0 en contra que les persones tinguin dets i les seves vides puguin prosperar\u201d.<\/p>\n<p style=\"font-weight: 400;\">Per la seva part, Toni Bordoy, candidat a la batlia d\u2019Esporles ha dit que el projecte dels socialistes d\u2019Esporles \u201c\u00e9s molt especial perqu\u00e8 \u00e9s una candidatura \u00fanica que es preocupa per cada rac\u00f3 del municipi i que respon a les necessitats reals de la ciutadania del poble d\u2019Esporles\u201d.<\/p>\n<p style=\"font-weight: 400;\">Finalment, Bordoy tamb\u00e9 ha afegit que \u201caquests darrers 4 anys de feina han estat molt intensos perqu\u00e8 quan feim feina amb passi\u00f3 per un poble que estimes la recompensa \u00e9s immensa\u201d.<\/p>\n[\/vc_column_text][\/vc_column][\/vc_row]\n<\/div>","protected":false},"excerpt":{"rendered":"<p>[vc_row][vc_column][vc_single_image image=&#8221;27616&#8243; img_size=&#8221;full&#8221; alignment=&#8221;center&#8221;][\/vc_column][\/vc_row][vc_row][vc_column][vc_column_text] La Secret\u00e0ria general de la Federaci\u00f3 Socialista de Mallorca, presidenta del Consell de Mallorca i candidata a la reelecci\u00f3, Catalina Cladera juntament amb Patricia G\u00f3mez, Presidenta de la Federaci\u00f3 Socialista de Mallorca ha acompanyat a Toni Bordoy,, candidat socialista a la batlia d\u2019Esporles [\/vc_column_text][\/vc_column][\/vc_row][vc_row][vc_column width=&#8221;1\/2&#8243;][vc_column_text] La Secret\u00e0ria general de la Federaci\u00f3&hellip;<\/p>\n","protected":false},"author":3,"featured_media":27616,"comment_status":"open","ping_status":"open","sticky":false,"template":"","format":"standard","meta":{"footnotes":""},"categories":[89,90,92],"tags":[],"class_list":["post-27615","post","type-post","status-publish","format-standard","has-post-thumbnail","hentry","category-consell-de-mallorca","category-municipis","category-portada"],"_links":{"self":[{"href":"https:\/\/www.psib-psoe.org\/mallorca\/wp-json\/wp\/v2\/posts\/27615"}],"collection":[{"href":"https:\/\/www.psib-psoe.org\/mallorca\/wp-json\/wp\/v2\/posts"}],"about":[{"href":"https:\/\/www.psib-psoe.org\/mallorca\/wp-json\/wp\/v2\/types\/post"}],"author":[{"embeddable":true,"href":"https:\/\/www.psib-psoe.org\/mallorca\/wp-json\/wp\/v2\/users\/3"}],"replies":[{"embeddable":true,"href":"https:\/\/www.psib-psoe.org\/mallorca\/wp-json\/wp\/v2\/comments?post=27615"}],"version-history":[{"count":0,"href":"https:\/\/www.psib-psoe.org\/mallorca\/wp-json\/wp\/v2\/posts\/27615\/revisions"}],"wp:featuredmedia":[{"embeddable":true,"href":"https:\/\/www.psib-psoe.org\/mallorca\/wp-json\/wp\/v2\/media\/27616"}],"wp:attachment":[{"href":"https:\/\/www.psib-psoe.org\/mallorca\/wp-json\/wp\/v2\/media?parent=27615"}],"wp:term":[{"taxonomy":"category","embeddable":true,"href":"https:\/\/www.psib-psoe.org\/mallorca\/wp-json\/wp\/v2\/categories?post=27615"},{"taxonomy":"post_tag","embeddable":true,"href":"https:\/\/www.psib-psoe.org\/mallorca\/wp-json\/wp\/v2\/tags?post=27615"}],"curies":[{"name":"wp","href":"https:\/\/api.w.org\/{rel}","templated":true}]}}