{"id":27628,"date":"2023-05-21T15:27:21","date_gmt":"2023-05-21T13:27:21","guid":{"rendered":"http:\/\/www.psib-psoe.org\/mallorca\/?p=27628"},"modified":"2023-05-21T15:27:21","modified_gmt":"2023-05-21T13:27:21","slug":"catalina-cladera-d-aqui-una-setmana-es-decidira-el-nostre-futur-i-es-molt-important-anar-a-votar-al-partit-socialista","status":"publish","type":"post","link":"https:\/\/www.psib-psoe.org\/mallorca\/catalina-cladera-d-aqui-una-setmana-es-decidira-el-nostre-futur-i-es-molt-important-anar-a-votar-al-partit-socialista\/","title":{"rendered":"Catalina Cladera: \u201cD\u2019aqui una setmana es decidir\u00e0 el nostre futur i \u00e9s molt important anar a votar al Partit Socialista perqu\u00e8 \u00e9s l\u2019\u00fanic partit capa\u00e7 de garantir un futur per a la nostra terra\u201d"},"content":{"rendered":"<div class=\"wpb-content-wrapper\">[vc_row][vc_column][vc_single_image image=&#8221;27629&#8243; img_size=&#8221;full&#8221; alignment=&#8221;center&#8221;][\/vc_column][\/vc_row][vc_row][vc_column][vc_column_text]\n<p style=\"font-weight: 400;\"><em><u>La Secret\u00e0ria general del PSIB-PSOE, presidenta del Consell de Mallorca i candidata a la reelecci\u00f3, Catalina Cladera i Mercedes Garrido, consellera de presid\u00e8ncia del Govern, i n\u00famero 5 a la llista del Parlament de les Illes Balears han acompanyat a Rafel Aulet, candidat a la batlia de Maria de la Salut<\/u><\/em><\/p>\n[\/vc_column_text][\/vc_column][\/vc_row][vc_row][vc_column width=&#8221;1\/2&#8243;][vc_column_text]\n<p style=\"font-weight: 400;\">La Secret\u00e0ria general de la Federaci\u00f3 Socialista de Mallorca, presidenta del Consell de Mallorca i candidata a la reelecci\u00f3, Catalina Cladera, ha manifestat que \u201cd\u2019aqu\u00ed una setmana es decidir\u00e0 el nostre futur i, per aix\u00f2, \u00e9s molt important anar a votar al Partit Socialista perqu\u00e8 \u00e9s l\u2019\u00fanic partit capa\u00e7 de garantir un futur per a la nostra terra\u201d.<\/p>\n<p style=\"font-weight: 400;\">Catalina Cladera ha recordat que \u201cels socialistes de Balears, liderats per Francina Armengol, hem cuidat de la gent aquests anys, i hem aportat solucions als seus problemes, i per aquest motiu, ara \u00e9s el moment de renovar la confian\u00e7a amb ells i poder continuar transformant les seves vides a partir del dia 28 de maig\u201d.<\/p>\n<p style=\"font-weight: 400;\">La socialista ha afegit que \u201cla pr\u00f2xima legislatura vol continuar treballant de la m\u00e0 de Francina Armengol i Rafel Aulet, futur batle de Maria de la Salut\u201d perqu\u00e8 \u201cels tres, de les seves institucions farem unes Balears, una Mallorca i una Maria de la Salut millor\u201d.<\/p>\n[\/vc_column_text][\/vc_column][vc_column width=&#8221;1\/2&#8243;][vc_column_text]\n<p style=\"font-weight: 400;\">Per la seva banda, la consellera de Presid\u00e8ncia, i n\u00famero 5 al Parlament, Mercedes Garrido ha demanat als assistents \u201cla m\u00e0xima mobilitzaci\u00f3 per a continuar canviant i millorant les coses a les Balears\u201d perqu\u00e8, ha afegit, \u201cels socialistes som l\u2019\u00fanic partit que ha apujat les pensions un 8,5% i amb el PP nom\u00e9s pujaven un 0,25%\u201d.<\/p>\n<p style=\"font-weight: 400;\">Finalment, Rafel Aulet, candidat a la batlia de Maria de la Salut, ha afirmat que \u201csom un partit de vocaci\u00f3 de servei, i aix\u00f2 ens dur\u00e0 a fer grans coses a Maria\u201d, per aix\u00f2, ha afegit Aulet, \u201cla societat ha de votar vermell a Maria, a Mallorca i a Balears per aconseguir aquesta transformaci\u00f3\u201d.<\/p>\n[\/vc_column_text][\/vc_column][\/vc_row]\n<\/div>","protected":false},"excerpt":{"rendered":"<p>[vc_row][vc_column][vc_single_image image=&#8221;27629&#8243; img_size=&#8221;full&#8221; alignment=&#8221;center&#8221;][\/vc_column][\/vc_row][vc_row][vc_column][vc_column_text] La Secret\u00e0ria general del PSIB-PSOE, presidenta del Consell de Mallorca i candidata a la reelecci\u00f3, Catalina Cladera i Mercedes Garrido, consellera de presid\u00e8ncia del Govern, i n\u00famero 5 a la llista del Parlament de les Illes Balears han acompanyat a Rafel Aulet, candidat a la batlia de Maria de la Salut&hellip;<\/p>\n","protected":false},"author":3,"featured_media":27629,"comment_status":"open","ping_status":"open","sticky":false,"template":"","format":"standard","meta":{"footnotes":""},"categories":[89,90,92],"tags":[],"class_list":["post-27628","post","type-post","status-publish","format-standard","has-post-thumbnail","hentry","category-consell-de-mallorca","category-municipis","category-portada"],"_links":{"self":[{"href":"https:\/\/www.psib-psoe.org\/mallorca\/wp-json\/wp\/v2\/posts\/27628"}],"collection":[{"href":"https:\/\/www.psib-psoe.org\/mallorca\/wp-json\/wp\/v2\/posts"}],"about":[{"href":"https:\/\/www.psib-psoe.org\/mallorca\/wp-json\/wp\/v2\/types\/post"}],"author":[{"embeddable":true,"href":"https:\/\/www.psib-psoe.org\/mallorca\/wp-json\/wp\/v2\/users\/3"}],"replies":[{"embeddable":true,"href":"https:\/\/www.psib-psoe.org\/mallorca\/wp-json\/wp\/v2\/comments?post=27628"}],"version-history":[{"count":0,"href":"https:\/\/www.psib-psoe.org\/mallorca\/wp-json\/wp\/v2\/posts\/27628\/revisions"}],"wp:featuredmedia":[{"embeddable":true,"href":"https:\/\/www.psib-psoe.org\/mallorca\/wp-json\/wp\/v2\/media\/27629"}],"wp:attachment":[{"href":"https:\/\/www.psib-psoe.org\/mallorca\/wp-json\/wp\/v2\/media?parent=27628"}],"wp:term":[{"taxonomy":"category","embeddable":true,"href":"https:\/\/www.psib-psoe.org\/mallorca\/wp-json\/wp\/v2\/categories?post=27628"},{"taxonomy":"post_tag","embeddable":true,"href":"https:\/\/www.psib-psoe.org\/mallorca\/wp-json\/wp\/v2\/tags?post=27628"}],"curies":[{"name":"wp","href":"https:\/\/api.w.org\/{rel}","templated":true}]}}