{"id":27648,"date":"2023-05-28T11:40:06","date_gmt":"2023-05-28T09:40:06","guid":{"rendered":"http:\/\/www.psib-psoe.org\/mallorca\/?p=27648"},"modified":"2023-05-28T11:40:06","modified_gmt":"2023-05-28T09:40:06","slug":"catalina-cladera-avui-es-un-dia-molt-important-per-la-democracia-per-decidir-quin-municipi-mallorca-i-balears-volem","status":"publish","type":"post","link":"https:\/\/www.psib-psoe.org\/mallorca\/catalina-cladera-avui-es-un-dia-molt-important-per-la-democracia-per-decidir-quin-municipi-mallorca-i-balears-volem\/","title":{"rendered":"Catalina Cladera: \u201cAvui \u00e9s un dia molt important per la democr\u00e0cia per decidir quin municipi, Mallorca i Balears volem\u201d"},"content":{"rendered":"<div class=\"wpb-content-wrapper\">[vc_row][vc_column][vc_single_image image=&#8221;27649&#8243; img_size=&#8221;full&#8221; alignment=&#8221;center&#8221;][\/vc_column][\/vc_row][vc_row][vc_column][vc_column_text]<em><u>La presidenta del Consell de Mallorca i candidata a la reelecci\u00f3, Catalina Cladera, ha convidat a la ciutadania de Mallorca a participar en les eleccions d\u2019aquest diumenge 28 de maig<\/u><\/em>[\/vc_column_text][\/vc_column][\/vc_row][vc_row][vc_column width=&#8221;1\/2&#8243;][vc_column_text]La presidenta del Consell de Mallorca i candidata a la reelecci\u00f3, Catalina Cladera, ha votat aquest diumenge 28 de maig a les 10.00 a la Biblioteca de Sa Pobla i ha aprofitat per convidar a tota la ciutadania de Mallorca i les Illes Balears a participar en les eleccions.<\/p>\n<p>Cladera ha comentat que \u201cavui \u00e9s un dia molt important per la democr\u00e0cia per decidir quina Mallorca volem, quines Illes Balears volem construir i quin municipi volem tenir\u201d.[\/vc_column_text][\/vc_column][vc_column width=&#8221;1\/2&#8243;][vc_column_text]La candidata a la reelecci\u00f3 de la presid\u00e8ncia del Consell de Mallorca, ha concl\u00f2s que \u201cavui \u00e9s un dia molt important per decidir. Has de decidir tu i no han de decidir els altres per tu\u201d.[\/vc_column_text][\/vc_column][\/vc_row]\n<\/div>","protected":false},"excerpt":{"rendered":"<p>[vc_row][vc_column][vc_single_image image=&#8221;27649&#8243; img_size=&#8221;full&#8221; alignment=&#8221;center&#8221;][\/vc_column][\/vc_row][vc_row][vc_column][vc_column_text]La presidenta del Consell de Mallorca i candidata a la reelecci\u00f3, Catalina Cladera, ha convidat a la ciutadania de Mallorca a participar en les eleccions d\u2019aquest diumenge 28 de maig[\/vc_column_text][\/vc_column][\/vc_row][vc_row][vc_column width=&#8221;1\/2&#8243;][vc_column_text]La presidenta del Consell de Mallorca i candidata a la reelecci\u00f3, Catalina Cladera, ha votat aquest diumenge 28 de maig a les&hellip;<\/p>\n","protected":false},"author":6,"featured_media":27649,"comment_status":"open","ping_status":"open","sticky":false,"template":"","format":"standard","meta":{"footnotes":""},"categories":[89,1,90,92],"tags":[481,105,480,84],"class_list":["post-27648","post","type-post","status-publish","format-standard","has-post-thumbnail","hentry","category-consell-de-mallorca","category-federacio-de-mallorca-portada","category-municipis","category-portada","tag-28-m","tag-catalina-cladera","tag-eleccions","tag-psib-psoe"],"_links":{"self":[{"href":"https:\/\/www.psib-psoe.org\/mallorca\/wp-json\/wp\/v2\/posts\/27648"}],"collection":[{"href":"https:\/\/www.psib-psoe.org\/mallorca\/wp-json\/wp\/v2\/posts"}],"about":[{"href":"https:\/\/www.psib-psoe.org\/mallorca\/wp-json\/wp\/v2\/types\/post"}],"author":[{"embeddable":true,"href":"https:\/\/www.psib-psoe.org\/mallorca\/wp-json\/wp\/v2\/users\/6"}],"replies":[{"embeddable":true,"href":"https:\/\/www.psib-psoe.org\/mallorca\/wp-json\/wp\/v2\/comments?post=27648"}],"version-history":[{"count":0,"href":"https:\/\/www.psib-psoe.org\/mallorca\/wp-json\/wp\/v2\/posts\/27648\/revisions"}],"wp:featuredmedia":[{"embeddable":true,"href":"https:\/\/www.psib-psoe.org\/mallorca\/wp-json\/wp\/v2\/media\/27649"}],"wp:attachment":[{"href":"https:\/\/www.psib-psoe.org\/mallorca\/wp-json\/wp\/v2\/media?parent=27648"}],"wp:term":[{"taxonomy":"category","embeddable":true,"href":"https:\/\/www.psib-psoe.org\/mallorca\/wp-json\/wp\/v2\/categories?post=27648"},{"taxonomy":"post_tag","embeddable":true,"href":"https:\/\/www.psib-psoe.org\/mallorca\/wp-json\/wp\/v2\/tags?post=27648"}],"curies":[{"name":"wp","href":"https:\/\/api.w.org\/{rel}","templated":true}]}}