{"id":27677,"date":"2023-06-16T17:57:36","date_gmt":"2023-06-16T15:57:36","guid":{"rendered":"http:\/\/www.psib-psoe.org\/mallorca\/?p=27677"},"modified":"2023-06-16T17:57:36","modified_gmt":"2023-06-16T15:57:36","slug":"psib-psoe-i-mes-per-pollenca-preacord","status":"publish","type":"post","link":"https:\/\/www.psib-psoe.org\/mallorca\/psib-psoe-i-mes-per-pollenca-preacord\/","title":{"rendered":"PSIB-PSOE i M\u00c9S per Pollen\u00e7a signen un preacord de governabilitat"},"content":{"rendered":"<div class=\"wpb-content-wrapper\">[vc_row][vc_column][vc_single_image image=&#8221;27678&#8243; img_size=&#8221;full&#8221; alignment=&#8221;center&#8221;][\/vc_column][\/vc_row][vc_row][vc_column][vc_column_text]<em><u>Els dos partits han signat el pacte de govern pels pr\u00f2xims quatre anys<\/u><\/em>[\/vc_column_text][\/vc_column][\/vc_row][vc_row][vc_column width=&#8221;1\/2&#8243;][vc_column_text]\n<p style=\"font-weight: 400;\">PSIB-PSOE i M\u00c9S per Pollen\u00e7a manifesten de forma oberta la voluntat, fruit del resultat de les eleccions municipals del 28 de maig, de governar i liderar conjuntament (PSIB-PSOE \u2013 M\u00e9s per Pollen\u00e7a) l\u2019Ajuntament de Pollen\u00e7a al llarg del mandat 2023- 2027 Antoni C\u00e0naves Capllonch, secretari general de l\u2019agrupaci\u00f3 de Pollen\u00e7a del PSIB-PSOE i Antoni Maria Rossell\u00f3 Company, secretari general de Mes per Pollen\u00e7a, han signat el preacord en el qual es determina que els regidors i les regidores electes de les dues formacions pol\u00edtiques, votaran aquest dissabte dia 17 la investidura com a batle de Mart\u00ed Xavier March Cerd\u00e0, per tal que formi un govern progressista amb la participaci\u00f3 d\u2019ambd\u00f3s partits.<\/p>\n[\/vc_column_text][\/vc_column][vc_column width=&#8221;1\/2&#8243;][vc_column_text]\n<p style=\"font-weight: 400;\">Les negociacions per arribar a un acord definitiu es reprendran la setmana del 19 de juny per tal de determinar i acabar de definir el programa de govern conjunt, el full de ruta, la distribuci\u00f3 de responsabilitats, les dedicacions exclusives, les retribucions, els \u00f2rgans col\u00b7legiats i la batlia, entre d\u2019altres.<\/p>\n[\/vc_column_text][\/vc_column][\/vc_row]\n<\/div>","protected":false},"excerpt":{"rendered":"<p>[vc_row][vc_column][vc_single_image image=&#8221;27678&#8243; img_size=&#8221;full&#8221; alignment=&#8221;center&#8221;][\/vc_column][\/vc_row][vc_row][vc_column][vc_column_text]Els dos partits han signat el pacte de govern pels pr\u00f2xims quatre anys[\/vc_column_text][\/vc_column][\/vc_row][vc_row][vc_column width=&#8221;1\/2&#8243;][vc_column_text] PSIB-PSOE i M\u00c9S per Pollen\u00e7a manifesten de forma oberta la voluntat, fruit del resultat de les eleccions municipals del 28 de maig, de governar i liderar conjuntament (PSIB-PSOE \u2013 M\u00e9s per Pollen\u00e7a) l\u2019Ajuntament de Pollen\u00e7a al llarg del&hellip;<\/p>\n","protected":false},"author":3,"featured_media":27678,"comment_status":"open","ping_status":"open","sticky":false,"template":"","format":"standard","meta":{"footnotes":""},"categories":[90,92],"tags":[84],"class_list":["post-27677","post","type-post","status-publish","format-standard","has-post-thumbnail","hentry","category-municipis","category-portada","tag-psib-psoe"],"_links":{"self":[{"href":"https:\/\/www.psib-psoe.org\/mallorca\/wp-json\/wp\/v2\/posts\/27677"}],"collection":[{"href":"https:\/\/www.psib-psoe.org\/mallorca\/wp-json\/wp\/v2\/posts"}],"about":[{"href":"https:\/\/www.psib-psoe.org\/mallorca\/wp-json\/wp\/v2\/types\/post"}],"author":[{"embeddable":true,"href":"https:\/\/www.psib-psoe.org\/mallorca\/wp-json\/wp\/v2\/users\/3"}],"replies":[{"embeddable":true,"href":"https:\/\/www.psib-psoe.org\/mallorca\/wp-json\/wp\/v2\/comments?post=27677"}],"version-history":[{"count":0,"href":"https:\/\/www.psib-psoe.org\/mallorca\/wp-json\/wp\/v2\/posts\/27677\/revisions"}],"wp:featuredmedia":[{"embeddable":true,"href":"https:\/\/www.psib-psoe.org\/mallorca\/wp-json\/wp\/v2\/media\/27678"}],"wp:attachment":[{"href":"https:\/\/www.psib-psoe.org\/mallorca\/wp-json\/wp\/v2\/media?parent=27677"}],"wp:term":[{"taxonomy":"category","embeddable":true,"href":"https:\/\/www.psib-psoe.org\/mallorca\/wp-json\/wp\/v2\/categories?post=27677"},{"taxonomy":"post_tag","embeddable":true,"href":"https:\/\/www.psib-psoe.org\/mallorca\/wp-json\/wp\/v2\/tags?post=27677"}],"curies":[{"name":"wp","href":"https:\/\/api.w.org\/{rel}","templated":true}]}}