{"id":27702,"date":"2023-06-29T13:25:51","date_gmt":"2023-06-29T11:25:51","guid":{"rendered":"http:\/\/www.psib-psoe.org\/mallorca\/?p=27702"},"modified":"2023-06-29T13:29:04","modified_gmt":"2023-06-29T11:29:04","slug":"catalina-cladera-amb-el-pacte-amb-lextrema-dreta-el-pp-ha-menyspreat-una-institucio-tan-important-com-el-consell-de-mallorca","status":"publish","type":"post","link":"https:\/\/www.psib-psoe.org\/mallorca\/catalina-cladera-amb-el-pacte-amb-lextrema-dreta-el-pp-ha-menyspreat-una-institucio-tan-important-com-el-consell-de-mallorca\/","title":{"rendered":"Catalina Cladera: \u201cAmb el pacte amb l\u2019extrema dreta, el PP ha menyspreat una instituci\u00f3 tan important com el Consell de Mallorca\u201d"},"content":{"rendered":"<div class=\"wpb-content-wrapper\">[vc_row][vc_column][vc_single_image image=&#8221;27703&#8243; img_size=&#8221;full&#8221; alignment=&#8221;center&#8221;][\/vc_column][\/vc_row][vc_row][vc_column][vc_column_text]<em><u>La presidenta en funcions del Consell de Mallorca i secret\u00e0ria general de la Federaci\u00f3 Socialista de Mallorca, Catalina Cladera, ha valorat el pacte entre PP i VOX que afecta al Consell de Mallorca<\/u><\/em>[\/vc_column_text][\/vc_column][\/vc_row][vc_row][vc_column width=&#8221;1\/2&#8243;][vc_column_text]La presidenta en funcions del Consell de Mallorca i secret\u00e0ria general de la Federaci\u00f3 Socialista de Mallorca, Catalina Cladera, ha ofert declaracions als mitjans de comunicaci\u00f3 per fer una valoraci\u00f3 del pacte entre el Partit Popular i VOX i com afectar\u00e0 a la instituci\u00f3 insular.<\/p>\n<p>Cladera ha mostrat el seu rebuig a l\u2019acord entre els dos partits i ha remarcat que \u201camb el pacte amb l\u2019extrema dreta, el PP ha menyspreat una instituci\u00f3 tan important com el Consell de Mallorca\u201d.<\/p>\n<p>La secret\u00e0ria general de l\u2019FSM ha lamentat el pacte entre el PP i VOX per \u201ctot el que suposa per aquestes illes i per Mallorca\u201d. A m\u00e9s, ha criticat que s\u2019hagi utilitzat el Consell de Mallorca com a \u201cmoneda de canvi dins tota aquesta negociaci\u00f3\u201d.<\/p>\n<p>Cladera ha afegit que \u201cVOX no ha entrat ni al Govern Balear ni a Palma, \u00a0per\u00f2 s\u00ed que ho ha fet al Consell de Mallorca. El Partit Popular, el senyor Galm\u00e9s i la senyora Prohens han demostrat que aquesta instituci\u00f3 no pinta res\u201d.[\/vc_column_text][\/vc_column][vc_column width=&#8221;1\/2&#8243;][vc_column_text]La presidenta en funcions del Consell de Mallorca, Catalina Cladera ha comentat que \u201cel senyor Galm\u00e9s comen\u00e7a com un president d\u00e8bil, perqu\u00e8 no ha pintat res dins aquesta negociaci\u00f3. Ha estat capa\u00e7 de vendre aquesta instituci\u00f3. Galm\u00e9s ha mentit, durant tota la campanya va dir que no deixarien entrar a VOX dins l\u2019equip de govern del Consell i \u00e9s el primer que han fet\u201d.<\/p>\n<p>Cladera ha mostrat la seva preocupaci\u00f3 perqu\u00e8 aquest acord suposa una \u201cinvoluci\u00f3 en tot: temes ling\u00fc\u00edstics, temes de mem\u00f2ria democr\u00e0tica, LGTBI, temes socials, etc\u00e8tera. Estam preocupats per les pol\u00edtiques que es faran. Tamb\u00e9 ens preocupa que aquest govern neixi d\u00e8bil i que es menyspre\u00ef una instituci\u00f3 tan important com el Consell de Mallorca\u201d.<\/p>\n<p>Finalment, Cladera ha concl\u00f2s que faran una oposici\u00f3 \u201cferma i vigilant perqu\u00e8 no es torni enrere en els drets i avan\u00e7os per Mallorca. Deixam una instituci\u00f3 molt refor\u00e7ada a nivell financer, recursos i projectes europeus. Projectes de futur per una Mallorca que hauria d\u2019avan\u00e7ar cap a una sostenibilitat econ\u00f2mica, ambiental i territorial, per\u00f2 que sabem que no ser\u00e0 aix\u00ed amb l\u2019entrada de VOX dins de la instituci\u00f3. El partit d\u2019extrema dreta nega el canvi clim\u00e0tic\u201d.[\/vc_column_text][\/vc_column][\/vc_row]\n<\/div>","protected":false},"excerpt":{"rendered":"<p>[vc_row][vc_column][vc_single_image image=&#8221;27703&#8243; img_size=&#8221;full&#8221; alignment=&#8221;center&#8221;][\/vc_column][\/vc_row][vc_row][vc_column][vc_column_text]La presidenta en funcions del Consell de Mallorca i secret\u00e0ria general de la Federaci\u00f3 Socialista de Mallorca, Catalina Cladera, ha valorat el pacte entre PP i VOX que afecta al Consell de Mallorca[\/vc_column_text][\/vc_column][\/vc_row][vc_row][vc_column width=&#8221;1\/2&#8243;][vc_column_text]La presidenta en funcions del Consell de Mallorca i secret\u00e0ria general de la Federaci\u00f3 Socialista de Mallorca, Catalina Cladera,&hellip;<\/p>\n","protected":false},"author":6,"featured_media":27703,"comment_status":"open","ping_status":"open","sticky":false,"template":"","format":"standard","meta":{"footnotes":""},"categories":[89,92],"tags":[105,83,84],"class_list":["post-27702","post","type-post","status-publish","format-standard","has-post-thumbnail","hentry","category-consell-de-mallorca","category-portada","tag-catalina-cladera","tag-consell-de-mallorca","tag-psib-psoe"],"_links":{"self":[{"href":"https:\/\/www.psib-psoe.org\/mallorca\/wp-json\/wp\/v2\/posts\/27702"}],"collection":[{"href":"https:\/\/www.psib-psoe.org\/mallorca\/wp-json\/wp\/v2\/posts"}],"about":[{"href":"https:\/\/www.psib-psoe.org\/mallorca\/wp-json\/wp\/v2\/types\/post"}],"author":[{"embeddable":true,"href":"https:\/\/www.psib-psoe.org\/mallorca\/wp-json\/wp\/v2\/users\/6"}],"replies":[{"embeddable":true,"href":"https:\/\/www.psib-psoe.org\/mallorca\/wp-json\/wp\/v2\/comments?post=27702"}],"version-history":[{"count":0,"href":"https:\/\/www.psib-psoe.org\/mallorca\/wp-json\/wp\/v2\/posts\/27702\/revisions"}],"wp:featuredmedia":[{"embeddable":true,"href":"https:\/\/www.psib-psoe.org\/mallorca\/wp-json\/wp\/v2\/media\/27703"}],"wp:attachment":[{"href":"https:\/\/www.psib-psoe.org\/mallorca\/wp-json\/wp\/v2\/media?parent=27702"}],"wp:term":[{"taxonomy":"category","embeddable":true,"href":"https:\/\/www.psib-psoe.org\/mallorca\/wp-json\/wp\/v2\/categories?post=27702"},{"taxonomy":"post_tag","embeddable":true,"href":"https:\/\/www.psib-psoe.org\/mallorca\/wp-json\/wp\/v2\/tags?post=27702"}],"curies":[{"name":"wp","href":"https:\/\/api.w.org\/{rel}","templated":true}]}}