{"id":27712,"date":"2023-07-06T11:59:38","date_gmt":"2023-07-06T09:59:38","guid":{"rendered":"http:\/\/www.psib-psoe.org\/mallorca\/?p=27712"},"modified":"2023-07-06T11:59:38","modified_gmt":"2023-07-06T09:59:38","slug":"els-socialistes-dalcudia-denuncien-la-pujada-en-sous-dun-50-mes-respecte-a-lantic-equip-de-govern-i-dedicacions-exclusives-del-nou-equip-de-govern-de-lajuntament","status":"publish","type":"post","link":"https:\/\/www.psib-psoe.org\/mallorca\/els-socialistes-dalcudia-denuncien-la-pujada-en-sous-dun-50-mes-respecte-a-lantic-equip-de-govern-i-dedicacions-exclusives-del-nou-equip-de-govern-de-lajuntament\/","title":{"rendered":"Els socialistes d\u2019Alc\u00fadia denuncien la pujada en sous d\u2019un 50% m\u00e9s respecte a l\u2019antic equip de govern i dedicacions exclusives del nou equip de govern de l\u2019Ajuntament"},"content":{"rendered":"<div class=\"wpb-content-wrapper\">[vc_row][vc_column][vc_single_image image=&#8221;27713&#8243; img_size=&#8221;full&#8221; alignment=&#8221;center&#8221;][\/vc_column][\/vc_row][vc_row][vc_column][vc_column_text]<em><u>Des de l\u2019Agrupaci\u00f3 Socialista d\u2019Alc\u00fadia han criticat que \u201cel pacte de govern ha demostrat que estan all\u00e0 per la cadira i el sou, no per fer feina per Alc\u00fadia\u201d<\/u><\/em>[\/vc_column_text][\/vc_column][\/vc_row][vc_row][vc_column width=&#8221;1\/2&#8243;][vc_column_text]Els socialistes d\u2019Alc\u00fadia han denunciat la pujada en sous i les dedicacions exclusives del nou equip de govern de l\u2019Ajuntament. Des de l\u2019Agrupaci\u00f3 Socialista d\u2019Alc\u00fadia han criticat que \u201cel pacte de govern ha demostrat que estan all\u00e0 per la cadira i el sou, no per fer feina per Alc\u00fadia\u201d.<\/p>\n<p>El cost de les dedicacions exclusives del pacte PP, VOX i Uni\u00f3 Per Alc\u00fadia i que pagaran tots els alcudiencs i alcudienques ser\u00e0 de 439.000 euros anuals, un 50% m\u00e9s que amb el pacte del PSIB-PSOE, PI i M\u00c9S (es pagaven 293.000 euros). En total, els ve\u00efnats i ve\u00efnades d\u2019Alc\u00fadia pagaran 146.000 euros m\u00e9s.<\/p>\n<p>Les dedicacions exclusives del consistori alcudienc s\u2019augmentaran a 10 (2 per Uni\u00f3 per Alc\u00fadia, 3 per VOX i 5 pel PP). L\u2019augment d\u2019aquestes dedicacions exclusives suposar\u00e0, a final de legislatura, 600.000 euros m\u00e9s de despesa.<\/p>\n<p>Els socialistes d\u2019Alc\u00fadia han reclamat que es faci p\u00fablic el pacte de govern, cosa que encara no ho han fet. A m\u00e9s, han condemnat que s\u2019hagin creat delegacions municipals sense compet\u00e8ncies, com transport p\u00fablic, per justificar dedicacions exclusives. En canvi, desapareix l\u2019\u00e0rea de transpar\u00e8ncia \u201c\u00e9s un exemple que ens indica per on anir\u00e0 aquest govern. Regidors sense compet\u00e8ncies que gestionaran \u00e0rees amb poca c\u00e0rrega de feina, tendran dedicacions exclusives\u201d han declarat.[\/vc_column_text][\/vc_column][vc_column width=&#8221;1\/2&#8243;][vc_column_text]Els socialistes d\u2019Alc\u00fadia han reclamat que es faci p\u00fablic el pacte de govern, cosa que encara no ho han fet. A m\u00e9s, han condemnat que s\u2019hagin creat delegacions municipals sense compet\u00e8ncies, com transport p\u00fablic, per justificar dedicacions exclusives. En canvi, desapareix l\u2019\u00e0rea de transpar\u00e8ncia \u201c\u00e9s un exemple que ens indica per on anir\u00e0 aquest govern. Regidors sense compet\u00e8ncies que gestionaran \u00e0rees amb poca c\u00e0rrega de feina, tendran dedicacions exclusives\u201d han declarat.[\/vc_column_text][\/vc_column][\/vc_row]\n<\/div>","protected":false},"excerpt":{"rendered":"<p>[vc_row][vc_column][vc_single_image image=&#8221;27713&#8243; img_size=&#8221;full&#8221; alignment=&#8221;center&#8221;][\/vc_column][\/vc_row][vc_row][vc_column][vc_column_text]Des de l\u2019Agrupaci\u00f3 Socialista d\u2019Alc\u00fadia han criticat que \u201cel pacte de govern ha demostrat que estan all\u00e0 per la cadira i el sou, no per fer feina per Alc\u00fadia\u201d[\/vc_column_text][\/vc_column][\/vc_row][vc_row][vc_column width=&#8221;1\/2&#8243;][vc_column_text]Els socialistes d\u2019Alc\u00fadia han denunciat la pujada en sous i les dedicacions exclusives del nou equip de govern de l\u2019Ajuntament. Des de l\u2019Agrupaci\u00f3&hellip;<\/p>\n","protected":false},"author":6,"featured_media":27713,"comment_status":"open","ping_status":"open","sticky":false,"template":"","format":"standard","meta":{"footnotes":""},"categories":[90,92],"tags":[348,301,84],"class_list":["post-27712","post","type-post","status-publish","format-standard","has-post-thumbnail","hentry","category-municipis","category-portada","tag-agrupacio-socialista-dalcudia","tag-alcudia","tag-psib-psoe"],"_links":{"self":[{"href":"https:\/\/www.psib-psoe.org\/mallorca\/wp-json\/wp\/v2\/posts\/27712"}],"collection":[{"href":"https:\/\/www.psib-psoe.org\/mallorca\/wp-json\/wp\/v2\/posts"}],"about":[{"href":"https:\/\/www.psib-psoe.org\/mallorca\/wp-json\/wp\/v2\/types\/post"}],"author":[{"embeddable":true,"href":"https:\/\/www.psib-psoe.org\/mallorca\/wp-json\/wp\/v2\/users\/6"}],"replies":[{"embeddable":true,"href":"https:\/\/www.psib-psoe.org\/mallorca\/wp-json\/wp\/v2\/comments?post=27712"}],"version-history":[{"count":0,"href":"https:\/\/www.psib-psoe.org\/mallorca\/wp-json\/wp\/v2\/posts\/27712\/revisions"}],"wp:featuredmedia":[{"embeddable":true,"href":"https:\/\/www.psib-psoe.org\/mallorca\/wp-json\/wp\/v2\/media\/27713"}],"wp:attachment":[{"href":"https:\/\/www.psib-psoe.org\/mallorca\/wp-json\/wp\/v2\/media?parent=27712"}],"wp:term":[{"taxonomy":"category","embeddable":true,"href":"https:\/\/www.psib-psoe.org\/mallorca\/wp-json\/wp\/v2\/categories?post=27712"},{"taxonomy":"post_tag","embeddable":true,"href":"https:\/\/www.psib-psoe.org\/mallorca\/wp-json\/wp\/v2\/tags?post=27712"}],"curies":[{"name":"wp","href":"https:\/\/api.w.org\/{rel}","templated":true}]}}