{"id":27721,"date":"2023-07-08T20:37:03","date_gmt":"2023-07-08T18:37:03","guid":{"rendered":"http:\/\/www.psib-psoe.org\/mallorca\/?p=27721"},"modified":"2023-07-08T20:37:03","modified_gmt":"2023-07-08T18:37:03","slug":"el-psib-psoe-vota-en-contra-de-la-investidura-de-galmes-perque-sera-un-president-del-consell-de-mallorca-atrapat-per-la-ultradreta","status":"publish","type":"post","link":"https:\/\/www.psib-psoe.org\/mallorca\/el-psib-psoe-vota-en-contra-de-la-investidura-de-galmes-perque-sera-un-president-del-consell-de-mallorca-atrapat-per-la-ultradreta\/","title":{"rendered":"El PSIB-PSOE vota en contra de la investidura de Galm\u00e9s perqu\u00e8 \u201cser\u00e0 un president del Consell de Mallorca atrapat per la ultradreta\u201d"},"content":{"rendered":"<div class=\"wpb-content-wrapper\">[vc_row][vc_column][vc_single_image image=&#8221;27722&#8243; img_size=&#8221;full&#8221; alignment=&#8221;center&#8221;][\/vc_column][\/vc_row][vc_row][vc_column][vc_column_text]<em><u>Catalina Cladera: \u201cavui el trumpisme s\u2019instal\u00b7la a les institucions de Mallorca per esbucar des de dins l\u2019edifici de la democr\u00e0cia que tants d\u2019anys ens ha costat construir\u201d<\/u><\/em>[\/vc_column_text][\/vc_column][\/vc_row][vc_row][vc_column width=&#8221;1\/2&#8243;][vc_column_text]El Grup Socialista al Consell de Mallorca ha votat en contra de la investidura de Lloren\u00e7 Galm\u00e9s perqu\u00e8 ser\u00e0 \u201cun president atrapat per la ultradreta\u201d. Aix\u00ed ho ha defensat la presidenta sortint i l\u00edder de l\u2019oposici\u00f3, Catalina Cladera, qui ha criticat que \u201cel PP creu que el Consell \u00e9s una instituci\u00f3 subsidiada, sobrera i secund\u00e0ria, perqu\u00e8 no hi ha cregut mai, no l\u2019han respectada mai, ni quan han estat en el govern ni des de l\u2019oposici\u00f3\u201d.<\/p>\n<p>Durant el ple de constituci\u00f3 de la nova corporaci\u00f3, en el qual han pres possessi\u00f3 del seu esc\u00f3 els nous consellers i conselleres, la portaveu socialista ha denunciat que el paper de Galm\u00e9s \u201cha estat m\u00e9s b\u00e9 residual\u201d a l\u2019hora de negociar amb Vox, i ha lamentat que \u201cel PP ha canviat dignitat per cadires, pactant amb aquells que apunten i disparen contra la nostra llengua i cultura, amb aquells que neguen el canvi clim\u00e0tic, amb els que incompleixen la Constituci\u00f3 espanyola i amb els que trepitgen els drets del col\u00b7lectiu LGTBI, menystenen les v\u00edctimes de la viol\u00e8ncia masclista o condemnen de nou a l\u2019ostracisme a les fam\u00edlies dels represaliats del franquisme\u201d.<\/p>\n<p>Davant aquesta realitat, Cladera ha remarcat que \u201cdeixam un llegat que caldr\u00e0 cuidar i mantenir, amb altura de mires i amb respecte a l\u2019inter\u00e8s general de tota la ciutadania, perqu\u00e8 si cuida aquest llegat i governa per a tots, ens tendr\u00e0 al seu costat\u201d.<\/p>\n<p>En aquest sentit, la portaveu socialista ha destacat que \u201chem fet tornar gran un Consell que avui t\u00e9 m\u00e9s de 600 milions d\u2019euros de pressupost i Mallorca \u00e9s avui l\u2019economia que m\u00e9s creix i que crea m\u00e9s ocupaci\u00f3, amb una taxa d\u2019atur pr\u00f2xima al 4% i m\u00e9s de 622.000 persones donades d\u2019alta a la seguretat social a Balears\u201d.<\/p>\n<p>A m\u00e9s a m\u00e9s, Cladera ha emfasitzat que \u201cMallorca \u00e9s l\u00edder en execuci\u00f3 de fons europeus, hem posat l\u00edmit al creixement de places tur\u00edstiques, hem protegit i dinamitzat la Serra de Tramuntana, som referents en la gesti\u00f3 de residus i som una terra m\u00e9s justa amb m\u00e9s persones dependents ateses a ca seva i amb m\u00e9s places de resid\u00e8ncia de gent gran\u201d.[\/vc_column_text][\/vc_column][vc_column width=&#8221;1\/2&#8243;][vc_column_text]Unes pol\u00edtiques que els socialistes han impulsat \u201cper fer del Consell una instituci\u00f3 rellevant, imprescindible, i que ara el PP va servir de moneda de canvi d\u2019un pacte a gran escala que s\u2019ha dirigit des de Madrid\u201d, ha explicat Cladera, qui malgrat tot, ha avan\u00e7at que \u201cveig amb tristesa que PP i Vox governaran al Consell per tornar-lo petit i irrellevant, per\u00f2 s\u00e9 perfectament que es tracta d\u2019un moment conjuntural, que els socialistes revertirem el 2027\u201d.<\/p>\n<p>La portaveu socialista ha criticat tamb\u00e9 el programa de govern de Galm\u00e9s, \u201cque no \u00e9s el seu, sin\u00f3 que li ha dictat Vox\u201d. En aquest sentit, ha apuntat que \u201c\u00e9s Vox qui dicta que a Mallorca el castell\u00e0 va per davant del catal\u00e0, qui dicta que els col\u00b7lectius de dones i de persones LGTBI no tenen els mateixos drets que la resta de ciutadans, qui posa a un negacionista de l\u2019Agenda 2030 a gestionar Medi Ambient, qui aposta per tornar a posar asfalt per tot Mallorca, pel turisme sense l\u00edmits i pel ciment per a les constructores\u201d.<\/p>\n<p>Finalment, Cladera s\u2019ha referit al concepte de llibertat del PP, el qual \u201c\u00e9s llevar un parell de senyals de tr\u00e0nsit a la Via de Cintura, mentre que per als socialistes \u201cllibertat \u00e9s que una persona pugui decidir com viu la darrera etapa de la seva vida, que una persona pugui estimar d\u2019acord amb all\u00f2 que \u00e9s, que una administraci\u00f3 pugui garantir l\u2019aprenentatge i l\u2019\u00fas social i normalitzat de la llengua pr\u00f2pia, viure en conc\u00f2rdia i en pau, treballar per la llibertat que tendran dem\u00e0 els nostres fills i nets\u201d.<\/p>\n<p>Davant tot plegat, la portaveu socialista s\u2019ha comprom\u00e8s a fer un trasp\u00e0s net i transparent i ha desitjat sort i encerts al nou president, tot deixant clar que \u201cavui el trumpisme s\u2019instal\u00b7la a les institucions de Mallorca per esbucar des de dins l\u2019edifici de la democr\u00e0cia que tants d\u2019anys ens ha costat construir\u201d.[\/vc_column_text][\/vc_column][\/vc_row]\n<\/div>","protected":false},"excerpt":{"rendered":"<p>[vc_row][vc_column][vc_single_image image=&#8221;27722&#8243; img_size=&#8221;full&#8221; alignment=&#8221;center&#8221;][\/vc_column][\/vc_row][vc_row][vc_column][vc_column_text]Catalina Cladera: \u201cavui el trumpisme s\u2019instal\u00b7la a les institucions de Mallorca per esbucar des de dins l\u2019edifici de la democr\u00e0cia que tants d\u2019anys ens ha costat construir\u201d[\/vc_column_text][\/vc_column][\/vc_row][vc_row][vc_column width=&#8221;1\/2&#8243;][vc_column_text]El Grup Socialista al Consell de Mallorca ha votat en contra de la investidura de Lloren\u00e7 Galm\u00e9s perqu\u00e8 ser\u00e0 \u201cun president atrapat per la ultradreta\u201d.&hellip;<\/p>\n","protected":false},"author":6,"featured_media":27722,"comment_status":"open","ping_status":"open","sticky":false,"template":"","format":"standard","meta":{"footnotes":""},"categories":[89,92],"tags":[105,83,84],"class_list":["post-27721","post","type-post","status-publish","format-standard","has-post-thumbnail","hentry","category-consell-de-mallorca","category-portada","tag-catalina-cladera","tag-consell-de-mallorca","tag-psib-psoe"],"_links":{"self":[{"href":"https:\/\/www.psib-psoe.org\/mallorca\/wp-json\/wp\/v2\/posts\/27721"}],"collection":[{"href":"https:\/\/www.psib-psoe.org\/mallorca\/wp-json\/wp\/v2\/posts"}],"about":[{"href":"https:\/\/www.psib-psoe.org\/mallorca\/wp-json\/wp\/v2\/types\/post"}],"author":[{"embeddable":true,"href":"https:\/\/www.psib-psoe.org\/mallorca\/wp-json\/wp\/v2\/users\/6"}],"replies":[{"embeddable":true,"href":"https:\/\/www.psib-psoe.org\/mallorca\/wp-json\/wp\/v2\/comments?post=27721"}],"version-history":[{"count":0,"href":"https:\/\/www.psib-psoe.org\/mallorca\/wp-json\/wp\/v2\/posts\/27721\/revisions"}],"wp:featuredmedia":[{"embeddable":true,"href":"https:\/\/www.psib-psoe.org\/mallorca\/wp-json\/wp\/v2\/media\/27722"}],"wp:attachment":[{"href":"https:\/\/www.psib-psoe.org\/mallorca\/wp-json\/wp\/v2\/media?parent=27721"}],"wp:term":[{"taxonomy":"category","embeddable":true,"href":"https:\/\/www.psib-psoe.org\/mallorca\/wp-json\/wp\/v2\/categories?post=27721"},{"taxonomy":"post_tag","embeddable":true,"href":"https:\/\/www.psib-psoe.org\/mallorca\/wp-json\/wp\/v2\/tags?post=27721"}],"curies":[{"name":"wp","href":"https:\/\/api.w.org\/{rel}","templated":true}]}}