{"id":27737,"date":"2023-07-14T11:02:01","date_gmt":"2023-07-14T09:02:01","guid":{"rendered":"https:\/\/www.psib-psoe.org\/mallorca\/?p=27737"},"modified":"2023-07-14T11:02:01","modified_gmt":"2023-07-14T09:02:01","slug":"francina-armengol-situa-al-psib-psoe-com-lunic-vot-eficac-perque-espanya-continui-avancant-i-aturar-els-retrocessos-de-pp-i-vox","status":"publish","type":"post","link":"https:\/\/www.psib-psoe.org\/mallorca\/francina-armengol-situa-al-psib-psoe-com-lunic-vot-eficac-perque-espanya-continui-avancant-i-aturar-els-retrocessos-de-pp-i-vox\/","title":{"rendered":"Francina Armengol situa al PSIB-PSOE com \u201cl\u2019\u00fanic vot efica\u00e7 perqu\u00e8 Espanya continu\u00ef avan\u00e7ant i aturar els retrocessos de PP i Vox\u201d"},"content":{"rendered":"<div class=\"row wpb_row row-fluid img_noticia\">\n<div class=\"wpb_column columns small-12 medium-12 thb-dark-column\">\n<div class=\"vc_column-inner  \">\n<div class=\"wpb_wrapper\">\n<div class=\"wpb_single_image wpb_content_element vc_align_center  vc_custom_1689318007128\">\n<figure class=\"wpb_wrapper vc_figure\">\n<div class=\"vc_single_image-wrapper   vc_box_border_grey\"><img loading=\"lazy\" decoding=\"async\" width=\"1600\" height=\"1066\" src=\"https:\/\/www.psib-psoe.org\/wp-content\/uploads\/WhatsApp-Image-2023-07-13-at-21.40.09.jpeg\" class=\"vc_single_image-img attachment-full\" alt=\"\" \/><\/div>\n<\/figure><\/div>\n<\/div>\n<\/div>\n<\/div>\n<\/div>\n<div class=\"row wpb_row row-fluid intro full-width-row vc_custom_1558336094678\">\n<div class=\"col_izq wpb_column columns small-12 medium-12 thb-dark-column\">\n<div class=\"vc_column-inner  \">\n<div class=\"wpb_wrapper\">\n<div class=\"wpb_text_column wpb_content_element  \">\n<div class=\"wpb_wrapper\">\n<p><em><u>La candidata socialista ha demanat el vot \u201ca totes aquelles persones que han votat a altres formacions pol\u00edtiques com pot ser El Pi, Ciutadans o el PP i que de cap manera poden acceptar aquests pactes d\u2019odi i d\u2019involuci\u00f3 que est\u00e0 tirant endavant el PP\u201d. <\/u><\/em><\/p>\n<\/p><\/div><\/div>\n<\/div>\n<\/div>\n<\/div>\n<\/div>\n<div class=\"row wpb_row row-fluid full-width-row\">\n<div class=\"col_izq wpb_column columns small-12 medium-6 thb-dark-column\">\n<div class=\"vc_column-inner  \">\n<div class=\"wpb_wrapper\">\n<div class=\"wpb_text_column wpb_content_element  \">\n<div class=\"wpb_wrapper\">\n<p>M\u00e9s de 150 persones han acompanyat a la candidata del PSIB-PSOE al Congr\u00e9s, Francina Armengol, als candidats per Mallorca al Senat, Pere Joan Pons i Teresa Su\u00e1rez, i a la secret\u00e0ria general dels Socialistes de Mallorca, Catalina Cladera, en un sopar de campanya amb representants de totes les agrupacions socialistes de Mallorca.<\/p>\n<p>Durant la trobada, Armengol ha defensat que \u201cl\u2019\u00fanic vot efica\u00e7 i eficient per aconseguir que Espanya continu\u00ef avan\u00e7ant i posar peu contra paret a l\u2019extrema dreta \u00e9s el Partit Socialista, cap altre partit pot assegurar que el seu vot sumi per aturar al PP i a Vox\u201d.<\/p>\n<p>La candidata socialista ha recordat que \u201cel Partit Socialista \u00e9s un partit que sempre ha governat per a la gran majoria social, per a la classe mitjana i treballadora, i volem seguir fent-ho des del Govern d\u2019Espanya per continuar servint a la ciutadania, garantint drets, llibertat, modernitat, digitalitzaci\u00f3 de l\u2019economia, la lluita contra el canvi clim\u00e0tic, la igualtat entre homes i dones, els drets socials, l\u2019educaci\u00f3, la sanitat i la mobilitat sostenible\u201d.<\/p>\n<p>Per aix\u00f2, Armengol ha demanat el vot per al Partit Socialista \u201cdes del cap i des del cor, perqu\u00e8 a les Illes Balears ja sabem qu\u00e8 suposen els governs de PP i Vox, amb una involuci\u00f3 absoluta en tot tipus de drets i llibertats per a la nostra poblaci\u00f3\u201d.<\/p>\n<p>La candidata al Congr\u00e9s ha defensat la necessitat d\u2019aconseguir una \u201cmobilitzaci\u00f3 hist\u00f2rica a les urnes el 23 de juliol\u201d, i ha afegit que \u201ccap progressista pot quedar a ca seva, tenim el dret i l\u2019obligaci\u00f3 d\u2019anar a les urnes\u201d.<\/p>\n<p>A m\u00e9s a m\u00e9s, Armengol tamb\u00e9 ha sol\u00b7licitat el vot \u201ca totes aquelles persones que han votat a altres formacions pol\u00edtiques com pot ser El Pi, Ciutadans o el PP i que de cap manera poden acceptar aquests pactes d\u2019odi i d\u2019involuci\u00f3 que est\u00e0 tirant endavant el PP\u201d.<\/p>\n<\/p><\/div><\/div>\n<\/div>\n<\/div>\n<\/div>\n<div class=\"col_dcha wpb_column columns small-12 medium-6 thb-dark-column\">\n<div class=\"vc_column-inner  \">\n<div class=\"wpb_wrapper\">\n<div class=\"wpb_text_column wpb_content_element  \">\n<div class=\"wpb_wrapper\">\n<p>Per part seva, la secret\u00e0ria general dels Socialistes de Mallorca, Catalina Cladera, ha destacat la import\u00e0ncia que \u201ctots i totes anem a votar i que votem socialista, perqu\u00e8 necessitam avan\u00e7ar\u201d.<\/p>\n<p>Cladera ha advertit que \u201cja hem vist el que est\u00e0 passant amb els pactes entre la dreta extrema i l\u2019extrema dreta, amb un PP segrestat per Vox, a qui ha comprat el seu programa i els seus postulats, duent a terme unes pol\u00edtiques molt radicals que els socialistes no podem consentir de cap manera\u201d.<\/p>\n<p>Davant aix\u00f2, Cladera s\u2019ha comprom\u00e8s a ser el \u201cdic de contenci\u00f3 davant les pol\u00edtiques de PP i Vox, all\u00e0 on governem i all\u00e0 on facem oposici\u00f3, perqu\u00e8 estam patint una involuci\u00f3 en drets, en llibertats i en l\u2019estat del benestar\u201d.<\/p>\n<p>Finalment, la secret\u00e0ria general insular ha convidat a tota la milit\u00e0ncia socialista a fer molta feina els 10 dies de campanya que queden, i anar a votar el dia 23 perqu\u00e8 \u201cens hi jugam molt\u201d.<\/p>\n<p>El candidat per Mallorca al Senat, Pere Joan Pons, ha obert la trobada reivindicant l\u2019orgull per la feina feta pels socialistes des de les diferents institucions i la necessitat de revalidar el Govern d\u2019Espanya per continuar avan\u00e7ant i no retrocedir.<\/p>\n<\/p><\/div><\/div>\n<\/div>\n<\/div>\n<\/div>\n<\/div>\n<p>Source: Actualitat Fedaraci\u00f3 Mallorca<\/p>\n","protected":false},"excerpt":{"rendered":"<p>La candidata socialista ha demanat el vot \u201ca totes aquelles persones que han votat a altres formacions pol\u00edtiques com pot ser El Pi, Ciutadans o el PP i que de cap manera poden acceptar aquests pactes d\u2019odi i d\u2019involuci\u00f3 que est\u00e0 tirant endavant el PP\u201d. M\u00e9s de 150 persones han acompanyat a la candidata del&hellip;<\/p>\n","protected":false},"author":1,"featured_media":27738,"comment_status":"false","ping_status":"open","sticky":false,"template":"","format":"standard","meta":{"footnotes":""},"categories":[2],"tags":[77],"class_list":["post-27737","post","type-post","status-publish","format-standard","has-post-thumbnail","hentry","category-federacio-de-mallorca","tag-federacio-socialista-de-mallorca"],"_links":{"self":[{"href":"https:\/\/www.psib-psoe.org\/mallorca\/wp-json\/wp\/v2\/posts\/27737"}],"collection":[{"href":"https:\/\/www.psib-psoe.org\/mallorca\/wp-json\/wp\/v2\/posts"}],"about":[{"href":"https:\/\/www.psib-psoe.org\/mallorca\/wp-json\/wp\/v2\/types\/post"}],"author":[{"embeddable":true,"href":"https:\/\/www.psib-psoe.org\/mallorca\/wp-json\/wp\/v2\/users\/1"}],"replies":[{"embeddable":true,"href":"https:\/\/www.psib-psoe.org\/mallorca\/wp-json\/wp\/v2\/comments?post=27737"}],"version-history":[{"count":0,"href":"https:\/\/www.psib-psoe.org\/mallorca\/wp-json\/wp\/v2\/posts\/27737\/revisions"}],"wp:featuredmedia":[{"embeddable":true,"href":"https:\/\/www.psib-psoe.org\/mallorca\/wp-json\/wp\/v2\/media\/27738"}],"wp:attachment":[{"href":"https:\/\/www.psib-psoe.org\/mallorca\/wp-json\/wp\/v2\/media?parent=27737"}],"wp:term":[{"taxonomy":"category","embeddable":true,"href":"https:\/\/www.psib-psoe.org\/mallorca\/wp-json\/wp\/v2\/categories?post=27737"},{"taxonomy":"post_tag","embeddable":true,"href":"https:\/\/www.psib-psoe.org\/mallorca\/wp-json\/wp\/v2\/tags?post=27737"}],"curies":[{"name":"wp","href":"https:\/\/api.w.org\/{rel}","templated":true}]}}